{"id":10923,"date":"2024-08-13T16:26:29","date_gmt":"2024-08-13T13:26:29","guid":{"rendered":"https:\/\/www.finnboat.fi\/?p=10923"},"modified":"2024-08-13T16:26:29","modified_gmt":"2024-08-13T13:26:29","slug":"deltagarna-vid-helsingfors-flytande-batutstallning-ser-redan-tecken-pa-att-efterfragan-ar-pa-vag-att-aterhamta-sig","status":"publish","type":"post","link":"https:\/\/www.finnboat.fi\/en\/blog\/2024\/08\/13\/deltagarna-vid-helsingfors-flytande-batutstallning-ser-redan-tecken-pa-att-efterfragan-ar-pa-vag-att-aterhamta-sig\/","title":{"rendered":"Deltagarna vid Helsingfors flytande b\u00e5tutst\u00e4llning ser redan tecken p\u00e5 att efterfr\u00e5gan \u00e4r p\u00e5 v\u00e4g att \u00e5terh\u00e4mta sig"},"content":{"rendered":"<p><strong>Efter en period av l\u00e5gkonjunktur b\u00f6rjar b\u00e5tbranschen nu se de f\u00f6rsta tecknen p\u00e5 en \u00f6kad efterfr\u00e5gan. P\u00e5 Helsingfors flytande b\u00e5tutst\u00e4llning, som startar p\u00e5 torsdagen, visas n\u00e4stan 300 olika b\u00e5tar, fr\u00e5n sm\u00e5 jollar och roddb\u00e5tar till lyxjakter.<\/strong><\/p>\n<table border=\"0\" width=\"576\" cellspacing=\"0\" cellpadding=\"0\">\n<tbody>\n<tr>\n<td align=\"left\">\n<p><figure style=\"width: 576px\" class=\"wp-caption aligncenter\"><img fetchpriority=\"high\" decoding=\"async\" class=\"x_img-max\" src=\"https:\/\/www.sttinfo.fi\/data\/images\/public\/46330459\/70418898\/dc603cbe-167c-4650-9de1-571132da1f7f-w_576_h_2000.jpg\" alt=\"\" width=\"576\" height=\"324\" border=\"0\" data-imagetype=\"External\" \/><figcaption class=\"wp-caption-text\">Den allm\u00e4nna bilden \u00e4r att internationell handel med dyrbara lyxb\u00e5tar tillverkade i Finland g\u00e5r bra, medan f\u00f6rs\u00e4ljningen av de vanligaste 5\u20137 meters \u00f6ppna b\u00e5tarna och mindre dagstursb\u00e5tar p\u00e5 hemmamarknaden har lidit. F\u00f6rutom utmaningarna p\u00e5 hemmamarknaden har finska b\u00e5tbyggare ocks\u00e5 st\u00f6tt p\u00e5 sv\u00e5righeter p\u00e5 de traditionellt viktiga exportmarknaderna i Sverige och Norge, d\u00e4r valutorna har f\u00f6rsvagats under en l\u00e4ngre tid<\/figcaption><\/figure><\/td>\n<\/tr>\n<tr>\n<td class=\"x_image-caption\" align=\"left\" bgcolor=\"#f6f6f6\" width=\"552\"><\/td>\n<\/tr>\n<\/tbody>\n<\/table>\n<p>Nordens st\u00f6rsta flytande b\u00e5tutst\u00e4llning, Uiva Flytande, \u00f6ppnar i HSK:s\u00a0klubbhamn p\u00e5 Drums\u00f6 p\u00e5 torsdagen den 15 augusti och p\u00e5g\u00e5r fram till s\u00f6ndag kv\u00e4ll den 18 augusti.<\/p>\n<p>Till antalet sett best\u00e5r den st\u00f6rsta b\u00e5tklassen vid utst\u00e4llningens bryggor av finl\u00e4ndarnas l\u00e5ngvariga favorit: utombordsb\u00e5tar p\u00e5 5\u20137 meter. Dessutom kan bes\u00f6karna utforska ett mycket brett utbud av sm\u00e5b\u00e5tar, jollar, roddb\u00e5tar och RIB-b\u00e5tar, samt ett flertal mindre elb\u00e5tar.<\/p>\n<p>De st\u00f6rsta motorb\u00e5tarna p\u00e5 \u00e5rets utst\u00e4llning \u00e4r i storleksklassen 14\u201315 meter. Bland dem finns Galeon 470 Sky, Prestige F4.9, Nord Star 49+ och Targa 41.<\/p>\n<p>Bland utst\u00e4llningens nyheter finns bland annat tv\u00e5 v\u00e4ldigt olika b\u00e5tar med aluminiumskrov: den popul\u00e4ra bowrider-b\u00e5ten Yamarin Cross 55 BR, som tillh\u00f6r den i Finland popul\u00e4ra storleksklassen p\u00e5 drygt fem meter, samt den foilande cabinb\u00e5ten Arrofoil 25 Cabin.<\/p>\n<p>B\u00e5tarna kan testas p\u00e5 vattnet varje dag under utst\u00e4llningen. F\u00f6rutom motorb\u00e5tar finns det m\u00f6jlighet att provk\u00f6ra Yamahas vattenskotrar, och seglingsintresserade kan dagligen ge sig ut p\u00e5 seglats med PORY rf:s seglingsinstrukt\u00f6rer. Det g\u00e5r \u00e4ven att avtala med utst\u00e4llarna om provk\u00f6rningar av andra utst\u00e4llningsb\u00e5tar utanf\u00f6r de ordinarie \u00f6ppettiderna.<\/p>\n<p>Juniorerna f\u00e5r i sin tur testa optimistjollar med handledning av instrukt\u00f6rer fr\u00e5n HSK.<\/p>\n<h3><strong>Ett brett utbud av program f\u00f6r b\u00e5tintresserade<\/strong><\/h3>\n<p>Seglingsentusiaster kan f\u00f6rdjupa sig i \u00e4ventyrliga ber\u00e4ttelser och erfarenheter fr\u00e5n finska seglare. P\u00e5 plats finns\u00a0<strong>Ari K\u00e4ns\u00e4koski<\/strong>, som tvingades avbryta Global Solo Challenge med sin Class40-b\u00e5t &#8221;Fuji&#8221;,\u00a0<strong>Jussi Paavonsepp\u00e4<\/strong>, som deltog i Ocean Globe Race med Swan 651-b\u00e5ten &#8221;Spirit of Helsinki&#8221;, samt den 16 meter l\u00e5nga Infiniti 52 R &#8221;Tulikettu&#8221;, som \u00e4r byggd f\u00f6r internationella offshore-t\u00e4vlingar.<\/p>\n<p>Suomen Valtameripurjehtijat rf (Finlands oceanseglare) st\u00e4ller ut tre olika typer av l\u00e5ngf\u00e4rdssegelb\u00e5tar, som fortfarande \u00e4r i aktivt bruk. Bland oceanseglarna finns\u00a0<strong>Ilkka Liukkonen<\/strong>, som har seglat tv\u00e5 varv runt jorden, runt Fennoskandien och tv\u00e5 g\u00e5nger till Svalbard med sin Mal\u00f6 43, samt\u00a0<strong>Hannu Aulin<\/strong>, som har bes\u00f6kt bland annat Patagonien, Gr\u00f6nland och Svalbard med sin Stormwind 40.<\/p>\n<p>Den minsta av b\u00e5tarna \u00e4r \u00e4ventyrsseglaren\u00a0<strong>Kari<\/strong>\u00a0<strong>&#8221;Ruffe&#8221; Nurmis<\/strong>\u00a0nio meter l\u00e5nga, 35 \u00e5r gamla Bavaria 300. Med b\u00e5ten har Ruffe korsat Atlanten, seglat till Gr\u00f6nland och Svalbard samt genomf\u00f6rt en oavbruten seglats p\u00e5 2 700 sj\u00f6mil (cirka 5 000 km) i \u00d6stersj\u00f6n, d\u00e4r han samtidigt samlade in mikroplastprover.<\/p>\n<p>&#8221;P\u00e5 den flytande b\u00e5tutst\u00e4llningen kan man bekanta sig med b\u00e5tarna och deras skeppare, prata om l\u00e5ngf\u00e4rdsseglingar samt se med egna \u00f6gon hur\u00a0\u00a0de oceang\u00e5ende b\u00e5tarna ser ut, hur de \u00e4r utrustade och vilka l\u00f6sningar som har gjorts ombord&#8221;, s\u00e4ger Ruffe Nurmi.<\/p>\n<p>F\u00f6r dem som \u00e4r intresserade av havserfarenheter med mindre b\u00e5tar finns m\u00f6jlighet att tr\u00e4ffa Jari Saario, som har rott \u00f6ver Atlanten.<\/p>\n<p>Saarios roddb\u00e5t kommer att finnas utst\u00e4lld p\u00e5 m\u00e4ssans omr\u00e5de f\u00f6r roddb\u00e5tar.<\/p>\n<p>En djupare diskussion om b\u00e5tbranschens framtid och framtidens b\u00e5tliv h\u00e5lls p\u00e5 torsdag under Helsingfors Segelklubbs 125-\u00e5rsjubileumspanel. Milj\u00f6fr\u00e5gor som oroar b\u00e5t\u00e4gare kommer s\u00e4kerligen ocks\u00e5 att tas upp, d\u00e5 milj\u00f6- och klimatminister\u00a0<strong>Kai Mykk\u00e4nen<\/strong>\u00a0deltar i samtalet. Upp p\u00e5 scenen kliver \u00e4ven grundaren av b\u00e5tdelningstj\u00e4nsten Skipperi,\u00a0<strong>Kristian Raj<\/strong>, samt b\u00e5tformgivaren\u00a0<strong>Jarkko J\u00e4ms\u00e9n<\/strong>\u00a0fr\u00e5n Navia Design.<\/p>\n<h3><strong>Folkk\u00e4r hobby drabbades av inflation och h\u00f6ga r\u00e4ntor<\/strong><\/h3>\n<p>&#8221;B\u00e5tlivet \u00e4r en folkk\u00e4r hobby, och d\u00e4rf\u00f6r har den minskade k\u00f6pkraften bland vanliga konsumenter p\u00e5verkat b\u00e5tbranschen kraftigt. Vi har drabbats av samma kombination av inflation och h\u00f6ga r\u00e4ntor som till exempel bostadsmarknaden,&#8221; ber\u00e4ttar\u00a0<strong>Jarkko Pajusalo<\/strong>, vd f\u00f6r B\u00e5tbranschens Centralf\u00f6rbund Finnboat.<\/p>\n<p>Enligt Pajusalo syns marknadens tudelning tydligt i att 59 procent av Finnboats medlemsf\u00f6retag rapporterade att deras oms\u00e4ttning f\u00f6rblev of\u00f6r\u00e4ndrad eller \u00f6kade under \u00e5rets f\u00f6rsta m\u00e5nader, medan 41 procent av f\u00f6retagen upplevde en minskad oms\u00e4ttning. Den allm\u00e4nna bilden \u00e4r att internationell handel med dyrbara lyxb\u00e5tar tillverkade i Finland g\u00e5r bra, medan f\u00f6rs\u00e4ljningen av de vanligaste 5\u20137 meters \u00f6ppna b\u00e5tarna och mindre dagstursb\u00e5tar p\u00e5 hemmamarknaden har lidit.<\/p>\n<p>F\u00f6rutom utmaningarna p\u00e5 hemmamarknaden har finska b\u00e5tbyggare ocks\u00e5 st\u00f6tt p\u00e5 sv\u00e5righeter p\u00e5 de traditionellt viktiga exportmarknaderna i Sverige och Norge, d\u00e4r valutorna har f\u00f6rsvagats under en l\u00e4ngre tid. Detta har gjort b\u00e5tar tillverkade utomlands dyrare under flera \u00e5r, ett problem som inte bara p\u00e5verkar f\u00f6rs\u00e4ljningen av finsktillverkade b\u00e5tar utan alla importerade b\u00e5tar.<\/p>\n<h3><strong>Handeln med begagnade och lyxb\u00e5tar har varit livlig<\/strong><\/h3>\n<p>\u00c4ven\u00a0<strong>Janne Korhonen<\/strong>, vd f\u00f6r V\u00e4\u00e4ksyn Konepiste som s\u00e4ljer motorb\u00e5tar samt erbjuder service- och vinterf\u00f6rvaringstj\u00e4nster i P\u00e4ij\u00e4nne-Tavastland, beskriver den finska marknaden som uppdelad. Enligt Korhonen s\u00e4ljer b\u00e5tar under 30 000 euro samt b\u00e5tar anpassade f\u00f6r spinnfiske bra. Samtidigt har f\u00f6rs\u00e4ljningen av b\u00e5tar med ett v\u00e4rde \u00f6ver 100 000 euro h\u00e5llit sig stabil.<\/p>\n<p>\u201cMellan dessa prisklasser har uppst\u00e5tt ett tomrum som avsl\u00f6jar marknadens l\u00e4ge. Det har varit lugnast i prisklassen 30 000\u201360 000 euro, d\u00e4r b\u00e5tar s\u00e4llan k\u00f6ps kontant. Handeln med begagnade b\u00e5tar har d\u00e4remot g\u00e5tt bra, till och med b\u00e4ttre \u00e4n f\u00f6rra \u00e5ret&#8221;, s\u00e4ger Korhonen.<\/p>\n<p>\u201cI det stora hela s\u00e4ljs det b\u00e5tar, trots att den inhemska marknaden \u00e4r tr\u00f6g. Situationen i Finland \u00e4r hanterbar, men exporten, s\u00e4rskilt till Norge, \u00e4r betydligt mer utmanande p\u00e5 grund av den svaga kronan. Den svaga kronan \u00e4r ocks\u00e5 ett problem i Sverige, men d\u00e4r har efterfr\u00e5gan b\u00f6rjat kvickna till n\u00e5got&#8221;, s\u00e4ger\u00a0<strong>Mikael Winqvist<\/strong>, vd f\u00f6r AMT, som tillverkar ett brett sortiment av utombordsb\u00e5tar i olika storlekar i Kontiolax.<\/p>\n<p>N\u00e4r det g\u00e4ller lyxb\u00e5tar i den \u00f6vre prisklassen har den internationella marknaden fortsatt att vara gynnsam f\u00f6r finl\u00e4ndska tillverkare.\u00a0<strong>Thomas Sarin<\/strong>, VD f\u00f6r Sargo Oy Ab, som tillverkar Sargo-b\u00e5tar i Karleby, ber\u00e4ttar att f\u00f6rs\u00e4ljningen av stora b\u00e5tar g\u00e5r bra. F\u00f6rutom Europa exporteras Sargo-b\u00e5tar till Japan och USA. Orderb\u00f6ckerna f\u00f6r flaggskeppet i serien, den n\u00e4stan 15 meter l\u00e5nga Sargo 45, \u00e4r fulla i ett par \u00e5r fram\u00f6ver, och \u00e4ven f\u00f6rs\u00e4ljningen av de n\u00e5got mindre modellerna, p\u00e5 36 och 33 fot, g\u00e5r bra.<\/p>\n<p>\u201dF\u00f6r de mindre b\u00e5tarna \u00e4r det lugnare b\u00e5de i Finland och utomlands, men vi har bekr\u00e4ftat full bel\u00e4ggning fram till n\u00e4sta sommar\u201d, s\u00e4ger Sarin.<\/p>\n<h3><strong>F\u00f6rs\u00e4ljningen av stora segelb\u00e5tar och tillbeh\u00f6r b\u00f6rjade bra i \u00e5r<\/strong><\/h3>\n<p><strong>Antti Saarisalo<\/strong>\u00a0fr\u00e5n Ajola Yachts, som importerar Beneteau-segelb\u00e5tar, ber\u00e4ttar att efterfr\u00e5gan p\u00e5 nya segelb\u00e5tar stannade helt upp under h\u00f6sten 2023. I \u00e5r har Ajola Yachts redan s\u00e5lt fyra nya segelb\u00e5tar.<\/p>\n<p>\u201dDet var galna tider emellan\u00e5t, men nu har vi \u00e5terg\u00e5tt till det normala, som det var f\u00f6re corona: priserna har stabiliserats och vi har vant oss vid en rimlig r\u00e4ntesats. Folk har \u00e5terf\u00e5tt sitt f\u00f6rtroende och b\u00f6rjar g\u00f6ra normala val igen\u201d, reflekterar Saarisalo.<\/p>\n<p>P\u00e5 Helsingfors flytande b\u00e5tutst\u00e4llning st\u00e4ller Ajola Yachts ut en Beneteau Oceanis 46.1, v\u00e4rd omkring en halv miljon euro. B\u00e5ten \u00e4r s\u00e5ld till en finsk kund.<\/p>\n<p>\u201dDet verkar som att storleken p\u00e5 de nya segelb\u00e5tarna som k\u00f6ps har vuxit fr\u00e5n den traditionella finska 30-fotaren till \u00f6ver 40 fots b\u00e5tar. Denna storlek erbjuder avsev\u00e4rt mer lyx med sina separata duschutrymmen och dubbels\u00e4ngar som \u00e4r \u00f6ppna \u00e5t sidorna. F\u00f6r k\u00f6pare av st\u00f6rre b\u00e5tar \u00e4r det inte en fr\u00e5ga om ekonomi, men trots att det \u00e4r en stor investering k\u00f6per \u00e4ven vanliga arbetarfamiljer b\u00e5tar p\u00e5 35-40 fot\u201d, ber\u00e4ttar Saarisalo.<\/p>\n<p><strong>Mika Vanhala<\/strong>, vd f\u00f6r Oy Esco Ab, som erbjuder tillbeh\u00f6r, utrustning och installationsservice f\u00f6r b\u00e5tar, bekr\u00e4ftar Saarisalos observation: efter en kollaps i efterfr\u00e5gan tidigt under sommaren 2023 har oms\u00e4ttningen b\u00f6rjat \u00f6ka igen under b\u00f6rjan av 2024.<\/p>\n<p>\u201dSedan februari har vi gradvis \u00e5terg\u00e5tt till en niv\u00e5 som var normal f\u00f6re corona. Nu \u00e4r efterfr\u00e5gan p\u00e5 f\u00f6rbrukningsvaror bra. Nya batterier till b\u00e5tar k\u00f6ps in, v\u00e4rmare repareras, elarbeten utf\u00f6rs och trasiga delar \u00e5tg\u00e4rdas, men st\u00f6rre uppgraderingar skjuts fortfarande fram\u00e5t\u201d, s\u00e4ger Vanhala.<\/p>","protected":false},"excerpt":{"rendered":"<p>Efter en period av l\u00e5gkonjunktur b\u00f6rjar b\u00e5tbranschen nu se de f\u00f6rsta tecknen p\u00e5 en \u00f6kad efterfr\u00e5gan. P\u00e5 Helsingfors flytande b\u00e5tutst\u00e4llning, som startar p\u00e5 torsdagen, visas n\u00e4stan 300 olika b\u00e5tar, fr\u00e5n [&hellip;]<\/p>\n","protected":false},"author":317,"featured_media":0,"comment_status":"closed","ping_status":"closed","sticky":false,"template":"","format":"standard","meta":{"_acf_changed":false,"_crdt_document":"","inline_featured_image":false,"_monsterinsights_skip_tracking":false,"_monsterinsights_sitenote_active":false,"_monsterinsights_sitenote_note":"","_monsterinsights_sitenote_category":0,"footnotes":""},"categories":[18,17],"tags":[],"class_list":["post-10923","post","type-post","status-publish","format-standard","hentry","category-jasenille","category-tiedote"],"acf":[],"yoast_head":"<!-- This site is optimized with the Yoast SEO plugin v27.5 - https:\/\/yoast.com\/product\/yoast-seo-wordpress\/ -->\n<title>Deltagarna vid Helsingfors flytande b\u00e5tutst\u00e4llning ser redan tecken p\u00e5 att efterfr\u00e5gan \u00e4r p\u00e5 v\u00e4g att \u00e5terh\u00e4mta sig - Finnboat<\/title>\n<meta name=\"robots\" content=\"index, follow, max-snippet:-1, max-image-preview:large, max-video-preview:-1\" \/>\n<link rel=\"canonical\" href=\"https:\/\/www.finnboat.fi\/en\/blog\/2024\/08\/13\/deltagarna-vid-helsingfors-flytande-batutstallning-ser-redan-tecken-pa-att-efterfragan-ar-pa-vag-att-aterhamta-sig\/\" \/>\n<meta property=\"og:locale\" content=\"en_GB\" \/>\n<meta property=\"og:type\" content=\"article\" \/>\n<meta property=\"og:title\" content=\"Deltagarna vid Helsingfors flytande b\u00e5tutst\u00e4llning ser redan tecken p\u00e5 att efterfr\u00e5gan \u00e4r p\u00e5 v\u00e4g att \u00e5terh\u00e4mta sig - Finnboat\" \/>\n<meta property=\"og:description\" content=\"Efter en period av l\u00e5gkonjunktur b\u00f6rjar b\u00e5tbranschen nu se de f\u00f6rsta tecknen p\u00e5 en \u00f6kad efterfr\u00e5gan. P\u00e5 Helsingfors flytande b\u00e5tutst\u00e4llning, som startar p\u00e5 torsdagen, visas n\u00e4stan 300 olika b\u00e5tar, fr\u00e5n [&hellip;]\" \/>\n<meta property=\"og:url\" content=\"https:\/\/www.finnboat.fi\/en\/blog\/2024\/08\/13\/deltagarna-vid-helsingfors-flytande-batutstallning-ser-redan-tecken-pa-att-efterfragan-ar-pa-vag-att-aterhamta-sig\/\" \/>\n<meta property=\"og:site_name\" content=\"Finnboat\" \/>\n<meta property=\"article:published_time\" content=\"2024-08-13T13:26:29+00:00\" \/>\n<meta property=\"og:image\" content=\"https:\/\/www.sttinfo.fi\/data\/images\/public\/46330459\/70418898\/dc603cbe-167c-4650-9de1-571132da1f7f-w_576_h_2000.jpg\" \/>\n<meta name=\"author\" content=\"Finnboat Katri\" \/>\n<meta name=\"twitter:card\" content=\"summary_large_image\" \/>\n<meta name=\"twitter:label1\" content=\"Written by\" \/>\n\t<meta name=\"twitter:data1\" content=\"Finnboat Katri\" \/>\n\t<meta name=\"twitter:label2\" content=\"Estimated reading time\" \/>\n\t<meta name=\"twitter:data2\" content=\"9 minutes\" \/>\n<script type=\"application\/ld+json\" class=\"yoast-schema-graph\">{\"@context\":\"https:\\\/\\\/schema.org\",\"@graph\":[{\"@type\":\"Article\",\"@id\":\"https:\\\/\\\/www.finnboat.fi\\\/blog\\\/2024\\\/08\\\/13\\\/deltagarna-vid-helsingfors-flytande-batutstallning-ser-redan-tecken-pa-att-efterfragan-ar-pa-vag-att-aterhamta-sig\\\/#article\",\"isPartOf\":{\"@id\":\"https:\\\/\\\/www.finnboat.fi\\\/blog\\\/2024\\\/08\\\/13\\\/deltagarna-vid-helsingfors-flytande-batutstallning-ser-redan-tecken-pa-att-efterfragan-ar-pa-vag-att-aterhamta-sig\\\/\"},\"author\":{\"name\":\"Finnboat Katri\",\"@id\":\"https:\\\/\\\/www.finnboat.fi\\\/en\\\/#\\\/schema\\\/person\\\/771ccc7d4088cefbca6c99cfa4e6ab76\"},\"headline\":\"Deltagarna vid Helsingfors flytande b\u00e5tutst\u00e4llning ser redan tecken p\u00e5 att efterfr\u00e5gan \u00e4r p\u00e5 v\u00e4g att \u00e5terh\u00e4mta sig\",\"datePublished\":\"2024-08-13T13:26:29+00:00\",\"mainEntityOfPage\":{\"@id\":\"https:\\\/\\\/www.finnboat.fi\\\/blog\\\/2024\\\/08\\\/13\\\/deltagarna-vid-helsingfors-flytande-batutstallning-ser-redan-tecken-pa-att-efterfragan-ar-pa-vag-att-aterhamta-sig\\\/\"},\"wordCount\":1578,\"publisher\":{\"@id\":\"https:\\\/\\\/www.finnboat.fi\\\/en\\\/#organization\"},\"image\":{\"@id\":\"https:\\\/\\\/www.finnboat.fi\\\/blog\\\/2024\\\/08\\\/13\\\/deltagarna-vid-helsingfors-flytande-batutstallning-ser-redan-tecken-pa-att-efterfragan-ar-pa-vag-att-aterhamta-sig\\\/#primaryimage\"},\"thumbnailUrl\":\"https:\\\/\\\/www.sttinfo.fi\\\/data\\\/images\\\/public\\\/46330459\\\/70418898\\\/dc603cbe-167c-4650-9de1-571132da1f7f-w_576_h_2000.jpg\",\"articleSection\":[\"J\u00e4senille\",\"Tiedotteet\"],\"inLanguage\":\"en-GB\"},{\"@type\":\"WebPage\",\"@id\":\"https:\\\/\\\/www.finnboat.fi\\\/blog\\\/2024\\\/08\\\/13\\\/deltagarna-vid-helsingfors-flytande-batutstallning-ser-redan-tecken-pa-att-efterfragan-ar-pa-vag-att-aterhamta-sig\\\/\",\"url\":\"https:\\\/\\\/www.finnboat.fi\\\/blog\\\/2024\\\/08\\\/13\\\/deltagarna-vid-helsingfors-flytande-batutstallning-ser-redan-tecken-pa-att-efterfragan-ar-pa-vag-att-aterhamta-sig\\\/\",\"name\":\"Deltagarna vid Helsingfors flytande b\u00e5tutst\u00e4llning ser redan tecken p\u00e5 att efterfr\u00e5gan \u00e4r p\u00e5 v\u00e4g att \u00e5terh\u00e4mta sig - Finnboat\",\"isPartOf\":{\"@id\":\"https:\\\/\\\/www.finnboat.fi\\\/en\\\/#website\"},\"primaryImageOfPage\":{\"@id\":\"https:\\\/\\\/www.finnboat.fi\\\/blog\\\/2024\\\/08\\\/13\\\/deltagarna-vid-helsingfors-flytande-batutstallning-ser-redan-tecken-pa-att-efterfragan-ar-pa-vag-att-aterhamta-sig\\\/#primaryimage\"},\"image\":{\"@id\":\"https:\\\/\\\/www.finnboat.fi\\\/blog\\\/2024\\\/08\\\/13\\\/deltagarna-vid-helsingfors-flytande-batutstallning-ser-redan-tecken-pa-att-efterfragan-ar-pa-vag-att-aterhamta-sig\\\/#primaryimage\"},\"thumbnailUrl\":\"https:\\\/\\\/www.sttinfo.fi\\\/data\\\/images\\\/public\\\/46330459\\\/70418898\\\/dc603cbe-167c-4650-9de1-571132da1f7f-w_576_h_2000.jpg\",\"datePublished\":\"2024-08-13T13:26:29+00:00\",\"breadcrumb\":{\"@id\":\"https:\\\/\\\/www.finnboat.fi\\\/blog\\\/2024\\\/08\\\/13\\\/deltagarna-vid-helsingfors-flytande-batutstallning-ser-redan-tecken-pa-att-efterfragan-ar-pa-vag-att-aterhamta-sig\\\/#breadcrumb\"},\"inLanguage\":\"en-GB\",\"potentialAction\":[{\"@type\":\"ReadAction\",\"target\":[\"https:\\\/\\\/www.finnboat.fi\\\/blog\\\/2024\\\/08\\\/13\\\/deltagarna-vid-helsingfors-flytande-batutstallning-ser-redan-tecken-pa-att-efterfragan-ar-pa-vag-att-aterhamta-sig\\\/\"]}]},{\"@type\":\"ImageObject\",\"inLanguage\":\"en-GB\",\"@id\":\"https:\\\/\\\/www.finnboat.fi\\\/blog\\\/2024\\\/08\\\/13\\\/deltagarna-vid-helsingfors-flytande-batutstallning-ser-redan-tecken-pa-att-efterfragan-ar-pa-vag-att-aterhamta-sig\\\/#primaryimage\",\"url\":\"https:\\\/\\\/www.sttinfo.fi\\\/data\\\/images\\\/public\\\/46330459\\\/70418898\\\/dc603cbe-167c-4650-9de1-571132da1f7f-w_576_h_2000.jpg\",\"contentUrl\":\"https:\\\/\\\/www.sttinfo.fi\\\/data\\\/images\\\/public\\\/46330459\\\/70418898\\\/dc603cbe-167c-4650-9de1-571132da1f7f-w_576_h_2000.jpg\"},{\"@type\":\"BreadcrumbList\",\"@id\":\"https:\\\/\\\/www.finnboat.fi\\\/blog\\\/2024\\\/08\\\/13\\\/deltagarna-vid-helsingfors-flytande-batutstallning-ser-redan-tecken-pa-att-efterfragan-ar-pa-vag-att-aterhamta-sig\\\/#breadcrumb\",\"itemListElement\":[{\"@type\":\"ListItem\",\"position\":1,\"name\":\"Etusivu\",\"item\":\"https:\\\/\\\/www.finnboat.fi\\\/\"},{\"@type\":\"ListItem\",\"position\":2,\"name\":\"Deltagarna vid Helsingfors flytande b\u00e5tutst\u00e4llning ser redan tecken p\u00e5 att efterfr\u00e5gan \u00e4r p\u00e5 v\u00e4g att \u00e5terh\u00e4mta sig\"}]},{\"@type\":\"WebSite\",\"@id\":\"https:\\\/\\\/www.finnboat.fi\\\/en\\\/#website\",\"url\":\"https:\\\/\\\/www.finnboat.fi\\\/en\\\/\",\"name\":\"Finnboat\",\"description\":\"Venealan Keskusliitto Finnboat ry\",\"publisher\":{\"@id\":\"https:\\\/\\\/www.finnboat.fi\\\/en\\\/#organization\"},\"potentialAction\":[{\"@type\":\"SearchAction\",\"target\":{\"@type\":\"EntryPoint\",\"urlTemplate\":\"https:\\\/\\\/www.finnboat.fi\\\/en\\\/?s={search_term_string}\"},\"query-input\":{\"@type\":\"PropertyValueSpecification\",\"valueRequired\":true,\"valueName\":\"search_term_string\"}}],\"inLanguage\":\"en-GB\"},{\"@type\":\"Organization\",\"@id\":\"https:\\\/\\\/www.finnboat.fi\\\/en\\\/#organization\",\"name\":\"Finnboat\",\"url\":\"https:\\\/\\\/www.finnboat.fi\\\/en\\\/\",\"logo\":{\"@type\":\"ImageObject\",\"inLanguage\":\"en-GB\",\"@id\":\"https:\\\/\\\/www.finnboat.fi\\\/en\\\/#\\\/schema\\\/logo\\\/image\\\/\",\"url\":\"https:\\\/\\\/www.finnboat.fi\\\/wp-content\\\/uploads\\\/2026\\\/02\\\/cropped-kassi.png\",\"contentUrl\":\"https:\\\/\\\/www.finnboat.fi\\\/wp-content\\\/uploads\\\/2026\\\/02\\\/cropped-kassi.png\",\"width\":1023,\"height\":1023,\"caption\":\"Finnboat\"},\"image\":{\"@id\":\"https:\\\/\\\/www.finnboat.fi\\\/en\\\/#\\\/schema\\\/logo\\\/image\\\/\"}},{\"@type\":\"Person\",\"@id\":\"https:\\\/\\\/www.finnboat.fi\\\/en\\\/#\\\/schema\\\/person\\\/771ccc7d4088cefbca6c99cfa4e6ab76\",\"name\":\"Finnboat Katri\"}]}<\/script>\n<!-- \/ Yoast SEO plugin. -->","yoast_head_json":{"title":"Deltagarna vid Helsingfors flytande b\u00e5tutst\u00e4llning ser redan tecken p\u00e5 att efterfr\u00e5gan \u00e4r p\u00e5 v\u00e4g att \u00e5terh\u00e4mta sig - Finnboat","robots":{"index":"index","follow":"follow","max-snippet":"max-snippet:-1","max-image-preview":"max-image-preview:large","max-video-preview":"max-video-preview:-1"},"canonical":"https:\/\/www.finnboat.fi\/en\/blog\/2024\/08\/13\/deltagarna-vid-helsingfors-flytande-batutstallning-ser-redan-tecken-pa-att-efterfragan-ar-pa-vag-att-aterhamta-sig\/","og_locale":"en_GB","og_type":"article","og_title":"Deltagarna vid Helsingfors flytande b\u00e5tutst\u00e4llning ser redan tecken p\u00e5 att efterfr\u00e5gan \u00e4r p\u00e5 v\u00e4g att \u00e5terh\u00e4mta sig - Finnboat","og_description":"Efter en period av l\u00e5gkonjunktur b\u00f6rjar b\u00e5tbranschen nu se de f\u00f6rsta tecknen p\u00e5 en \u00f6kad efterfr\u00e5gan. P\u00e5 Helsingfors flytande b\u00e5tutst\u00e4llning, som startar p\u00e5 torsdagen, visas n\u00e4stan 300 olika b\u00e5tar, fr\u00e5n [&hellip;]","og_url":"https:\/\/www.finnboat.fi\/en\/blog\/2024\/08\/13\/deltagarna-vid-helsingfors-flytande-batutstallning-ser-redan-tecken-pa-att-efterfragan-ar-pa-vag-att-aterhamta-sig\/","og_site_name":"Finnboat","article_published_time":"2024-08-13T13:26:29+00:00","og_image":[{"url":"https:\/\/www.sttinfo.fi\/data\/images\/public\/46330459\/70418898\/dc603cbe-167c-4650-9de1-571132da1f7f-w_576_h_2000.jpg","type":"","width":"","height":""}],"author":"Finnboat Katri","twitter_card":"summary_large_image","twitter_misc":{"Written by":"Finnboat Katri","Estimated reading time":"9 minutes"},"schema":{"@context":"https:\/\/schema.org","@graph":[{"@type":"Article","@id":"https:\/\/www.finnboat.fi\/blog\/2024\/08\/13\/deltagarna-vid-helsingfors-flytande-batutstallning-ser-redan-tecken-pa-att-efterfragan-ar-pa-vag-att-aterhamta-sig\/#article","isPartOf":{"@id":"https:\/\/www.finnboat.fi\/blog\/2024\/08\/13\/deltagarna-vid-helsingfors-flytande-batutstallning-ser-redan-tecken-pa-att-efterfragan-ar-pa-vag-att-aterhamta-sig\/"},"author":{"name":"Finnboat Katri","@id":"https:\/\/www.finnboat.fi\/en\/#\/schema\/person\/771ccc7d4088cefbca6c99cfa4e6ab76"},"headline":"Deltagarna vid Helsingfors flytande b\u00e5tutst\u00e4llning ser redan tecken p\u00e5 att efterfr\u00e5gan \u00e4r p\u00e5 v\u00e4g att \u00e5terh\u00e4mta sig","datePublished":"2024-08-13T13:26:29+00:00","mainEntityOfPage":{"@id":"https:\/\/www.finnboat.fi\/blog\/2024\/08\/13\/deltagarna-vid-helsingfors-flytande-batutstallning-ser-redan-tecken-pa-att-efterfragan-ar-pa-vag-att-aterhamta-sig\/"},"wordCount":1578,"publisher":{"@id":"https:\/\/www.finnboat.fi\/en\/#organization"},"image":{"@id":"https:\/\/www.finnboat.fi\/blog\/2024\/08\/13\/deltagarna-vid-helsingfors-flytande-batutstallning-ser-redan-tecken-pa-att-efterfragan-ar-pa-vag-att-aterhamta-sig\/#primaryimage"},"thumbnailUrl":"https:\/\/www.sttinfo.fi\/data\/images\/public\/46330459\/70418898\/dc603cbe-167c-4650-9de1-571132da1f7f-w_576_h_2000.jpg","articleSection":["J\u00e4senille","Tiedotteet"],"inLanguage":"en-GB"},{"@type":"WebPage","@id":"https:\/\/www.finnboat.fi\/blog\/2024\/08\/13\/deltagarna-vid-helsingfors-flytande-batutstallning-ser-redan-tecken-pa-att-efterfragan-ar-pa-vag-att-aterhamta-sig\/","url":"https:\/\/www.finnboat.fi\/blog\/2024\/08\/13\/deltagarna-vid-helsingfors-flytande-batutstallning-ser-redan-tecken-pa-att-efterfragan-ar-pa-vag-att-aterhamta-sig\/","name":"Deltagarna vid Helsingfors flytande b\u00e5tutst\u00e4llning ser redan tecken p\u00e5 att efterfr\u00e5gan \u00e4r p\u00e5 v\u00e4g att \u00e5terh\u00e4mta sig - Finnboat","isPartOf":{"@id":"https:\/\/www.finnboat.fi\/en\/#website"},"primaryImageOfPage":{"@id":"https:\/\/www.finnboat.fi\/blog\/2024\/08\/13\/deltagarna-vid-helsingfors-flytande-batutstallning-ser-redan-tecken-pa-att-efterfragan-ar-pa-vag-att-aterhamta-sig\/#primaryimage"},"image":{"@id":"https:\/\/www.finnboat.fi\/blog\/2024\/08\/13\/deltagarna-vid-helsingfors-flytande-batutstallning-ser-redan-tecken-pa-att-efterfragan-ar-pa-vag-att-aterhamta-sig\/#primaryimage"},"thumbnailUrl":"https:\/\/www.sttinfo.fi\/data\/images\/public\/46330459\/70418898\/dc603cbe-167c-4650-9de1-571132da1f7f-w_576_h_2000.jpg","datePublished":"2024-08-13T13:26:29+00:00","breadcrumb":{"@id":"https:\/\/www.finnboat.fi\/blog\/2024\/08\/13\/deltagarna-vid-helsingfors-flytande-batutstallning-ser-redan-tecken-pa-att-efterfragan-ar-pa-vag-att-aterhamta-sig\/#breadcrumb"},"inLanguage":"en-GB","potentialAction":[{"@type":"ReadAction","target":["https:\/\/www.finnboat.fi\/blog\/2024\/08\/13\/deltagarna-vid-helsingfors-flytande-batutstallning-ser-redan-tecken-pa-att-efterfragan-ar-pa-vag-att-aterhamta-sig\/"]}]},{"@type":"ImageObject","inLanguage":"en-GB","@id":"https:\/\/www.finnboat.fi\/blog\/2024\/08\/13\/deltagarna-vid-helsingfors-flytande-batutstallning-ser-redan-tecken-pa-att-efterfragan-ar-pa-vag-att-aterhamta-sig\/#primaryimage","url":"https:\/\/www.sttinfo.fi\/data\/images\/public\/46330459\/70418898\/dc603cbe-167c-4650-9de1-571132da1f7f-w_576_h_2000.jpg","contentUrl":"https:\/\/www.sttinfo.fi\/data\/images\/public\/46330459\/70418898\/dc603cbe-167c-4650-9de1-571132da1f7f-w_576_h_2000.jpg"},{"@type":"BreadcrumbList","@id":"https:\/\/www.finnboat.fi\/blog\/2024\/08\/13\/deltagarna-vid-helsingfors-flytande-batutstallning-ser-redan-tecken-pa-att-efterfragan-ar-pa-vag-att-aterhamta-sig\/#breadcrumb","itemListElement":[{"@type":"ListItem","position":1,"name":"Etusivu","item":"https:\/\/www.finnboat.fi\/"},{"@type":"ListItem","position":2,"name":"Deltagarna vid Helsingfors flytande b\u00e5tutst\u00e4llning ser redan tecken p\u00e5 att efterfr\u00e5gan \u00e4r p\u00e5 v\u00e4g att \u00e5terh\u00e4mta sig"}]},{"@type":"WebSite","@id":"https:\/\/www.finnboat.fi\/en\/#website","url":"https:\/\/www.finnboat.fi\/en\/","name":"Finnboat","description":"Finnish Marine Industries Federation Finnboat","publisher":{"@id":"https:\/\/www.finnboat.fi\/en\/#organization"},"potentialAction":[{"@type":"SearchAction","target":{"@type":"EntryPoint","urlTemplate":"https:\/\/www.finnboat.fi\/en\/?s={search_term_string}"},"query-input":{"@type":"PropertyValueSpecification","valueRequired":true,"valueName":"search_term_string"}}],"inLanguage":"en-GB"},{"@type":"Organization","@id":"https:\/\/www.finnboat.fi\/en\/#organization","name":"Finnboat","url":"https:\/\/www.finnboat.fi\/en\/","logo":{"@type":"ImageObject","inLanguage":"en-GB","@id":"https:\/\/www.finnboat.fi\/en\/#\/schema\/logo\/image\/","url":"https:\/\/www.finnboat.fi\/wp-content\/uploads\/2026\/02\/cropped-kassi.png","contentUrl":"https:\/\/www.finnboat.fi\/wp-content\/uploads\/2026\/02\/cropped-kassi.png","width":1023,"height":1023,"caption":"Finnboat"},"image":{"@id":"https:\/\/www.finnboat.fi\/en\/#\/schema\/logo\/image\/"}},{"@type":"Person","@id":"https:\/\/www.finnboat.fi\/en\/#\/schema\/person\/771ccc7d4088cefbca6c99cfa4e6ab76","name":"Finnboat Katri"}]}},"_links":{"self":[{"href":"https:\/\/www.finnboat.fi\/en\/wp-json\/wp\/v2\/posts\/10923","targetHints":{"allow":["GET"]}}],"collection":[{"href":"https:\/\/www.finnboat.fi\/en\/wp-json\/wp\/v2\/posts"}],"about":[{"href":"https:\/\/www.finnboat.fi\/en\/wp-json\/wp\/v2\/types\/post"}],"author":[{"embeddable":true,"href":"https:\/\/www.finnboat.fi\/en\/wp-json\/wp\/v2\/users\/317"}],"replies":[{"embeddable":true,"href":"https:\/\/www.finnboat.fi\/en\/wp-json\/wp\/v2\/comments?post=10923"}],"version-history":[{"count":1,"href":"https:\/\/www.finnboat.fi\/en\/wp-json\/wp\/v2\/posts\/10923\/revisions"}],"predecessor-version":[{"id":10924,"href":"https:\/\/www.finnboat.fi\/en\/wp-json\/wp\/v2\/posts\/10923\/revisions\/10924"}],"wp:attachment":[{"href":"https:\/\/www.finnboat.fi\/en\/wp-json\/wp\/v2\/media?parent=10923"}],"wp:term":[{"taxonomy":"category","embeddable":true,"href":"https:\/\/www.finnboat.fi\/en\/wp-json\/wp\/v2\/categories?post=10923"},{"taxonomy":"post_tag","embeddable":true,"href":"https:\/\/www.finnboat.fi\/en\/wp-json\/wp\/v2\/tags?post=10923"}],"curies":[{"name":"wp","href":"https:\/\/api.w.org\/{rel}","templated":true}]}}