{"id":409,"date":"2009-01-12T00:00:00","date_gmt":"2009-01-11T22:00:00","guid":{"rendered":"https:\/\/finnboatfi-wp16167.test.cchosting.fi\/blog\/2009\/01\/12\/vene-ohjelman-vuosiseminaari-12-2-2009-ilmoittaudu-nyt\/"},"modified":"2022-05-31T11:48:03","modified_gmt":"2022-05-31T08:48:03","slug":"vene-ohjelman-vuosiseminaari-12-2-2009-ilmoittaudu-nyt","status":"publish","type":"post","link":"https:\/\/www.finnboat.fi\/en\/blog\/2009\/01\/12\/vene-ohjelman-vuosiseminaari-12-2-2009-ilmoittaudu-nyt\/","title":{"rendered":"VENE-OHJELMAN VUOSISEMINAARI 12.2.2009 &#8211; ILMOITTAUDU NYT!"},"content":{"rendered":"<h4>Tule mukaan Tekesin Vene-ohjelman vuosiseminaariin torstaina 12.2.2009 Helsingin &#8221;Vene 09 B\u00e5t&#8221; -messujen yhteydess\u00e4, Helsingin Messukeskuksessa, kokoustila 101cd<\/h4>\n<p>Vuoden k\u00e4ynniss\u00e4 ollut ohjelma kannustaa alan yrityksi\u00e4 kehitt\u00e4m\u00e4\u00e4n liiketoimintojaan soveltamalla parasta saatavilla olevaa osaamista. Vuosiseminaarissa tehd\u00e4\u00e4n katsaus k\u00e4ynnistyneisiin projekteihin ja esitell\u00e4\u00e4n tutkimushankkeet sek\u00e4 ohjelman ensimm\u00e4iset tulokset.<\/p>\n<p>Maksuton, p\u00e4iv\u00e4n kest\u00e4v\u00e4 seminaari on avoin kaikille alan yrityksille ja yhteis\u00f6ille. Ilmoittudu mukaan viimeist\u00e4\u00e4n 6.2. Vene-ohjelman sivuilla <a href=\"http:\/\/akseli.tekes.fi\/opencms\/opencms\/OhjelmaPortaali\/ohjelmat\/Veneteollisuus\/fi\/system\/tapahtuma.html?id=1977&amp;nav=Tapahtuma\"> www.tekes.fi\/vene<\/a>.<br \/>Sivuston p\u00e4\u00e4sivulla &#8221;Liity postituslistalle&#8221; voit liitty\u00e4 my\u00f6s mukaan Vene-ohjelman postituslistalle.<\/p>\n<p>Tervetuloa mukaan!<\/p>\n<p>Ohjelma * (l\u00f6ytyy my\u00f6s www.tekes.fi\/vene -sivustolta)<\/p>\n<p>Rekister\u00f6inti alkaa klo 8.30<\/p>\n<p>9.00 Kahvit<\/p>\n<p>9.30 Vene-ohjelman ensimm\u00e4isen vuoden aikaansaannokset,<br \/>ohjelman p\u00e4\u00e4llikk\u00f6 Matti Evola\/Vesa Kojola, Tekes<\/p>\n<p>10.00 Suunnittelun uudet trendit rinnakkaisilla toimialoilla,<br \/>Harri Alanen, ED-design Ltd<\/p>\n<p>11.00 Uudet tutkimusaiheet ja yritysprojektit,<br \/>ohjelman koordinaattori Markku Hentinen, VTT<\/p>\n<p>11.30 Koko toimialan uudet haasteet,<br \/>toimitusjohtaja Jouko Huju, Venealan Keskusliitto Finnboat ry<\/p>\n<p>12.00 Lounas<\/p>\n<p>13.00 Tutkimushankkeiden ensimm\u00e4iset tulokset<\/p>\n<p>14.00 Kahvit<\/p>\n<p>14.30 Tutkimushankkeiden ensimm\u00e4iset tulokset jatkuu<\/p>\n<p>17.00 Vuosiseminaari p\u00e4\u00e4ttyy<\/p>\n<ul>\n<li>(ohjelmaa p\u00e4ivitet\u00e4\u00e4n tammikuun aikana)<\/li>\n<\/ul>\n<p><i>Vene-ohjelman tuloksena kuluttajille on tarjolla parempia veneit\u00e4 ja palveluja. N\u00e4it\u00e4 tuottavat kannattavat ja kilpailukykyiset suomalaiset yritykset. Osaamisen hy\u00f6dynt\u00e4minen, yhteisty\u00f6 ja verkottuminen alan yritysten, alihankkijoiden, tutkimuslaitosten ja korkeakoulujen kanssa on keskeist\u00e4 ohjelmassa. Ohjelman koordinaattorina toimii VTT yhteisty\u00f6ss\u00e4 Venealan Keskusliitto Finnboat ry:n kanssa.<\/i><\/p>","protected":false},"excerpt":{"rendered":"<p>Tule mukaan Tekesin Vene-ohjelman vuosiseminaariin torstaina 12.2.2009 Helsingin &#8221;Vene 09 B\u00e5t&#8221; -messujen yhteydess\u00e4, Helsingin Messukeskuksessa, kokoustila 101cd Vuoden k\u00e4ynniss\u00e4 ollut ohjelma kannustaa alan yrityksi\u00e4 kehitt\u00e4m\u00e4\u00e4n liiketoimintojaan soveltamalla parasta saatavilla olevaa [&hellip;]<\/p>\n","protected":false},"author":266,"featured_media":0,"comment_status":"closed","ping_status":"open","sticky":false,"template":"","format":"standard","meta":{"_acf_changed":false,"_crdt_document":"","inline_featured_image":false,"_monsterinsights_skip_tracking":false,"_monsterinsights_sitenote_active":false,"_monsterinsights_sitenote_note":"","_monsterinsights_sitenote_category":0,"footnotes":""},"categories":[17],"tags":[],"class_list":["post-409","post","type-post","status-publish","format-standard","hentry","category-tiedote"],"acf":[],"yoast_head":"<!-- This site is optimized with the Yoast SEO plugin v27.5 - https:\/\/yoast.com\/product\/yoast-seo-wordpress\/ -->\n<title>VENE-OHJELMAN VUOSISEMINAARI 12.2.2009 - ILMOITTAUDU NYT! - Finnboat<\/title>\n<meta name=\"robots\" content=\"index, follow, max-snippet:-1, max-image-preview:large, max-video-preview:-1\" \/>\n<link rel=\"canonical\" href=\"https:\/\/www.finnboat.fi\/en\/blog\/2009\/01\/12\/vene-ohjelman-vuosiseminaari-12-2-2009-ilmoittaudu-nyt\/\" \/>\n<meta property=\"og:locale\" content=\"en_GB\" \/>\n<meta property=\"og:type\" content=\"article\" \/>\n<meta property=\"og:title\" content=\"VENE-OHJELMAN VUOSISEMINAARI 12.2.2009 - ILMOITTAUDU NYT! - Finnboat\" \/>\n<meta property=\"og:description\" content=\"Tule mukaan Tekesin Vene-ohjelman vuosiseminaariin torstaina 12.2.2009 Helsingin &#8221;Vene 09 B\u00e5t&#8221; -messujen yhteydess\u00e4, Helsingin Messukeskuksessa, kokoustila 101cd Vuoden k\u00e4ynniss\u00e4 ollut ohjelma kannustaa alan yrityksi\u00e4 kehitt\u00e4m\u00e4\u00e4n liiketoimintojaan soveltamalla parasta saatavilla olevaa [&hellip;]\" \/>\n<meta property=\"og:url\" content=\"https:\/\/www.finnboat.fi\/en\/blog\/2009\/01\/12\/vene-ohjelman-vuosiseminaari-12-2-2009-ilmoittaudu-nyt\/\" \/>\n<meta property=\"og:site_name\" content=\"Finnboat\" \/>\n<meta property=\"article:published_time\" content=\"2009-01-11T22:00:00+00:00\" \/>\n<meta property=\"article:modified_time\" content=\"2022-05-31T08:48:03+00:00\" \/>\n<meta name=\"author\" content=\"Jarkko Pajusalo\" \/>\n<meta name=\"twitter:card\" content=\"summary_large_image\" \/>\n<meta name=\"twitter:label1\" content=\"Written by\" \/>\n\t<meta name=\"twitter:data1\" content=\"Jarkko Pajusalo\" \/>\n\t<meta name=\"twitter:label2\" content=\"Estimated reading time\" \/>\n\t<meta name=\"twitter:data2\" content=\"1 minute\" \/>\n<script type=\"application\/ld+json\" class=\"yoast-schema-graph\">{\"@context\":\"https:\\\/\\\/schema.org\",\"@graph\":[{\"@type\":\"Article\",\"@id\":\"https:\\\/\\\/www.finnboat.fi\\\/blog\\\/2009\\\/01\\\/12\\\/vene-ohjelman-vuosiseminaari-12-2-2009-ilmoittaudu-nyt\\\/#article\",\"isPartOf\":{\"@id\":\"https:\\\/\\\/www.finnboat.fi\\\/blog\\\/2009\\\/01\\\/12\\\/vene-ohjelman-vuosiseminaari-12-2-2009-ilmoittaudu-nyt\\\/\"},\"author\":{\"name\":\"Jarkko Pajusalo\",\"@id\":\"https:\\\/\\\/www.finnboat.fi\\\/en\\\/#\\\/schema\\\/person\\\/ad551ff24cd22245bf1afaaa8d483b17\"},\"headline\":\"VENE-OHJELMAN VUOSISEMINAARI 12.2.2009 &#8211; ILMOITTAUDU NYT!\",\"datePublished\":\"2009-01-11T22:00:00+00:00\",\"dateModified\":\"2022-05-31T08:48:03+00:00\",\"mainEntityOfPage\":{\"@id\":\"https:\\\/\\\/www.finnboat.fi\\\/blog\\\/2009\\\/01\\\/12\\\/vene-ohjelman-vuosiseminaari-12-2-2009-ilmoittaudu-nyt\\\/\"},\"wordCount\":215,\"publisher\":{\"@id\":\"https:\\\/\\\/www.finnboat.fi\\\/en\\\/#organization\"},\"articleSection\":[\"Tiedotteet\"],\"inLanguage\":\"en-GB\"},{\"@type\":\"WebPage\",\"@id\":\"https:\\\/\\\/www.finnboat.fi\\\/blog\\\/2009\\\/01\\\/12\\\/vene-ohjelman-vuosiseminaari-12-2-2009-ilmoittaudu-nyt\\\/\",\"url\":\"https:\\\/\\\/www.finnboat.fi\\\/blog\\\/2009\\\/01\\\/12\\\/vene-ohjelman-vuosiseminaari-12-2-2009-ilmoittaudu-nyt\\\/\",\"name\":\"VENE-OHJELMAN VUOSISEMINAARI 12.2.2009 - ILMOITTAUDU NYT! - Finnboat\",\"isPartOf\":{\"@id\":\"https:\\\/\\\/www.finnboat.fi\\\/en\\\/#website\"},\"datePublished\":\"2009-01-11T22:00:00+00:00\",\"dateModified\":\"2022-05-31T08:48:03+00:00\",\"breadcrumb\":{\"@id\":\"https:\\\/\\\/www.finnboat.fi\\\/blog\\\/2009\\\/01\\\/12\\\/vene-ohjelman-vuosiseminaari-12-2-2009-ilmoittaudu-nyt\\\/#breadcrumb\"},\"inLanguage\":\"en-GB\",\"potentialAction\":[{\"@type\":\"ReadAction\",\"target\":[\"https:\\\/\\\/www.finnboat.fi\\\/blog\\\/2009\\\/01\\\/12\\\/vene-ohjelman-vuosiseminaari-12-2-2009-ilmoittaudu-nyt\\\/\"]}]},{\"@type\":\"BreadcrumbList\",\"@id\":\"https:\\\/\\\/www.finnboat.fi\\\/blog\\\/2009\\\/01\\\/12\\\/vene-ohjelman-vuosiseminaari-12-2-2009-ilmoittaudu-nyt\\\/#breadcrumb\",\"itemListElement\":[{\"@type\":\"ListItem\",\"position\":1,\"name\":\"Etusivu\",\"item\":\"https:\\\/\\\/www.finnboat.fi\\\/\"},{\"@type\":\"ListItem\",\"position\":2,\"name\":\"VENE-OHJELMAN VUOSISEMINAARI 12.2.2009 &#8211; ILMOITTAUDU NYT!\"}]},{\"@type\":\"WebSite\",\"@id\":\"https:\\\/\\\/www.finnboat.fi\\\/en\\\/#website\",\"url\":\"https:\\\/\\\/www.finnboat.fi\\\/en\\\/\",\"name\":\"Finnboat\",\"description\":\"Venealan Keskusliitto Finnboat ry\",\"publisher\":{\"@id\":\"https:\\\/\\\/www.finnboat.fi\\\/en\\\/#organization\"},\"potentialAction\":[{\"@type\":\"SearchAction\",\"target\":{\"@type\":\"EntryPoint\",\"urlTemplate\":\"https:\\\/\\\/www.finnboat.fi\\\/en\\\/?s={search_term_string}\"},\"query-input\":{\"@type\":\"PropertyValueSpecification\",\"valueRequired\":true,\"valueName\":\"search_term_string\"}}],\"inLanguage\":\"en-GB\"},{\"@type\":\"Organization\",\"@id\":\"https:\\\/\\\/www.finnboat.fi\\\/en\\\/#organization\",\"name\":\"Finnboat\",\"url\":\"https:\\\/\\\/www.finnboat.fi\\\/en\\\/\",\"logo\":{\"@type\":\"ImageObject\",\"inLanguage\":\"en-GB\",\"@id\":\"https:\\\/\\\/www.finnboat.fi\\\/en\\\/#\\\/schema\\\/logo\\\/image\\\/\",\"url\":\"https:\\\/\\\/www.finnboat.fi\\\/wp-content\\\/uploads\\\/2026\\\/02\\\/cropped-kassi.png\",\"contentUrl\":\"https:\\\/\\\/www.finnboat.fi\\\/wp-content\\\/uploads\\\/2026\\\/02\\\/cropped-kassi.png\",\"width\":1023,\"height\":1023,\"caption\":\"Finnboat\"},\"image\":{\"@id\":\"https:\\\/\\\/www.finnboat.fi\\\/en\\\/#\\\/schema\\\/logo\\\/image\\\/\"}},{\"@type\":\"Person\",\"@id\":\"https:\\\/\\\/www.finnboat.fi\\\/en\\\/#\\\/schema\\\/person\\\/ad551ff24cd22245bf1afaaa8d483b17\",\"name\":\"Jarkko Pajusalo\",\"sameAs\":[\"https:\\\/\\\/finnboat.fi\"]}]}<\/script>\n<!-- \/ Yoast SEO plugin. -->","yoast_head_json":{"title":"VENE-OHJELMAN VUOSISEMINAARI 12.2.2009 - ILMOITTAUDU NYT! - Finnboat","robots":{"index":"index","follow":"follow","max-snippet":"max-snippet:-1","max-image-preview":"max-image-preview:large","max-video-preview":"max-video-preview:-1"},"canonical":"https:\/\/www.finnboat.fi\/en\/blog\/2009\/01\/12\/vene-ohjelman-vuosiseminaari-12-2-2009-ilmoittaudu-nyt\/","og_locale":"en_GB","og_type":"article","og_title":"VENE-OHJELMAN VUOSISEMINAARI 12.2.2009 - ILMOITTAUDU NYT! - Finnboat","og_description":"Tule mukaan Tekesin Vene-ohjelman vuosiseminaariin torstaina 12.2.2009 Helsingin &#8221;Vene 09 B\u00e5t&#8221; -messujen yhteydess\u00e4, Helsingin Messukeskuksessa, kokoustila 101cd Vuoden k\u00e4ynniss\u00e4 ollut ohjelma kannustaa alan yrityksi\u00e4 kehitt\u00e4m\u00e4\u00e4n liiketoimintojaan soveltamalla parasta saatavilla olevaa [&hellip;]","og_url":"https:\/\/www.finnboat.fi\/en\/blog\/2009\/01\/12\/vene-ohjelman-vuosiseminaari-12-2-2009-ilmoittaudu-nyt\/","og_site_name":"Finnboat","article_published_time":"2009-01-11T22:00:00+00:00","article_modified_time":"2022-05-31T08:48:03+00:00","author":"Jarkko Pajusalo","twitter_card":"summary_large_image","twitter_misc":{"Written by":"Jarkko Pajusalo","Estimated reading time":"1 minute"},"schema":{"@context":"https:\/\/schema.org","@graph":[{"@type":"Article","@id":"https:\/\/www.finnboat.fi\/blog\/2009\/01\/12\/vene-ohjelman-vuosiseminaari-12-2-2009-ilmoittaudu-nyt\/#article","isPartOf":{"@id":"https:\/\/www.finnboat.fi\/blog\/2009\/01\/12\/vene-ohjelman-vuosiseminaari-12-2-2009-ilmoittaudu-nyt\/"},"author":{"name":"Jarkko Pajusalo","@id":"https:\/\/www.finnboat.fi\/en\/#\/schema\/person\/ad551ff24cd22245bf1afaaa8d483b17"},"headline":"VENE-OHJELMAN VUOSISEMINAARI 12.2.2009 &#8211; ILMOITTAUDU NYT!","datePublished":"2009-01-11T22:00:00+00:00","dateModified":"2022-05-31T08:48:03+00:00","mainEntityOfPage":{"@id":"https:\/\/www.finnboat.fi\/blog\/2009\/01\/12\/vene-ohjelman-vuosiseminaari-12-2-2009-ilmoittaudu-nyt\/"},"wordCount":215,"publisher":{"@id":"https:\/\/www.finnboat.fi\/en\/#organization"},"articleSection":["Tiedotteet"],"inLanguage":"en-GB"},{"@type":"WebPage","@id":"https:\/\/www.finnboat.fi\/blog\/2009\/01\/12\/vene-ohjelman-vuosiseminaari-12-2-2009-ilmoittaudu-nyt\/","url":"https:\/\/www.finnboat.fi\/blog\/2009\/01\/12\/vene-ohjelman-vuosiseminaari-12-2-2009-ilmoittaudu-nyt\/","name":"VENE-OHJELMAN VUOSISEMINAARI 12.2.2009 - ILMOITTAUDU NYT! - Finnboat","isPartOf":{"@id":"https:\/\/www.finnboat.fi\/en\/#website"},"datePublished":"2009-01-11T22:00:00+00:00","dateModified":"2022-05-31T08:48:03+00:00","breadcrumb":{"@id":"https:\/\/www.finnboat.fi\/blog\/2009\/01\/12\/vene-ohjelman-vuosiseminaari-12-2-2009-ilmoittaudu-nyt\/#breadcrumb"},"inLanguage":"en-GB","potentialAction":[{"@type":"ReadAction","target":["https:\/\/www.finnboat.fi\/blog\/2009\/01\/12\/vene-ohjelman-vuosiseminaari-12-2-2009-ilmoittaudu-nyt\/"]}]},{"@type":"BreadcrumbList","@id":"https:\/\/www.finnboat.fi\/blog\/2009\/01\/12\/vene-ohjelman-vuosiseminaari-12-2-2009-ilmoittaudu-nyt\/#breadcrumb","itemListElement":[{"@type":"ListItem","position":1,"name":"Etusivu","item":"https:\/\/www.finnboat.fi\/"},{"@type":"ListItem","position":2,"name":"VENE-OHJELMAN VUOSISEMINAARI 12.2.2009 &#8211; ILMOITTAUDU NYT!"}]},{"@type":"WebSite","@id":"https:\/\/www.finnboat.fi\/en\/#website","url":"https:\/\/www.finnboat.fi\/en\/","name":"Finnboat","description":"Finnish Marine Industries Federation Finnboat","publisher":{"@id":"https:\/\/www.finnboat.fi\/en\/#organization"},"potentialAction":[{"@type":"SearchAction","target":{"@type":"EntryPoint","urlTemplate":"https:\/\/www.finnboat.fi\/en\/?s={search_term_string}"},"query-input":{"@type":"PropertyValueSpecification","valueRequired":true,"valueName":"search_term_string"}}],"inLanguage":"en-GB"},{"@type":"Organization","@id":"https:\/\/www.finnboat.fi\/en\/#organization","name":"Finnboat","url":"https:\/\/www.finnboat.fi\/en\/","logo":{"@type":"ImageObject","inLanguage":"en-GB","@id":"https:\/\/www.finnboat.fi\/en\/#\/schema\/logo\/image\/","url":"https:\/\/www.finnboat.fi\/wp-content\/uploads\/2026\/02\/cropped-kassi.png","contentUrl":"https:\/\/www.finnboat.fi\/wp-content\/uploads\/2026\/02\/cropped-kassi.png","width":1023,"height":1023,"caption":"Finnboat"},"image":{"@id":"https:\/\/www.finnboat.fi\/en\/#\/schema\/logo\/image\/"}},{"@type":"Person","@id":"https:\/\/www.finnboat.fi\/en\/#\/schema\/person\/ad551ff24cd22245bf1afaaa8d483b17","name":"Jarkko Pajusalo","sameAs":["https:\/\/finnboat.fi"]}]}},"_links":{"self":[{"href":"https:\/\/www.finnboat.fi\/en\/wp-json\/wp\/v2\/posts\/409","targetHints":{"allow":["GET"]}}],"collection":[{"href":"https:\/\/www.finnboat.fi\/en\/wp-json\/wp\/v2\/posts"}],"about":[{"href":"https:\/\/www.finnboat.fi\/en\/wp-json\/wp\/v2\/types\/post"}],"author":[{"embeddable":true,"href":"https:\/\/www.finnboat.fi\/en\/wp-json\/wp\/v2\/users\/266"}],"replies":[{"embeddable":true,"href":"https:\/\/www.finnboat.fi\/en\/wp-json\/wp\/v2\/comments?post=409"}],"version-history":[{"count":1,"href":"https:\/\/www.finnboat.fi\/en\/wp-json\/wp\/v2\/posts\/409\/revisions"}],"predecessor-version":[{"id":1827,"href":"https:\/\/www.finnboat.fi\/en\/wp-json\/wp\/v2\/posts\/409\/revisions\/1827"}],"wp:attachment":[{"href":"https:\/\/www.finnboat.fi\/en\/wp-json\/wp\/v2\/media?parent=409"}],"wp:term":[{"taxonomy":"category","embeddable":true,"href":"https:\/\/www.finnboat.fi\/en\/wp-json\/wp\/v2\/categories?post=409"},{"taxonomy":"post_tag","embeddable":true,"href":"https:\/\/www.finnboat.fi\/en\/wp-json\/wp\/v2\/tags?post=409"}],"curies":[{"name":"wp","href":"https:\/\/api.w.org\/{rel}","templated":true}]}}