{"id":11430,"date":"2024-11-07T13:07:34","date_gmt":"2024-11-07T11:07:34","guid":{"rendered":"https:\/\/www.finnboat.fi\/?p=11430"},"modified":"2024-11-07T13:09:12","modified_gmt":"2024-11-07T11:09:12","slug":"finnboat-tar-over-ansvaret-for-att-organisera-batmassan-i-nadendal","status":"publish","type":"post","link":"https:\/\/www.finnboat.fi\/sv\/blog\/2024\/11\/07\/finnboat-tar-over-ansvaret-for-att-organisera-batmassan-i-nadendal\/","title":{"rendered":"Finnboat tar \u00f6ver ansvaret f\u00f6r att organisera b\u00e5tm\u00e4ssan i N\u00e5dendal"},"content":{"rendered":"<p><strong>Utvecklingen av b\u00e5tm\u00e4ssan i N\u00e5dendal, som markerar starten f\u00f6r b\u00e5ts\u00e4songen i Sk\u00e4rg\u00e5rdshavet varje v\u00e5r, sker i samarbete mellan hela b\u00e5tbranschen och lokala akt\u00f6rer. Det nya arrang\u00f6rsorganet f\u00f6r b\u00e5tevenemanget som h\u00e5lls i maj \u00e4r B\u00e5tbranschens Centralf\u00f6rbund Finnboat rf.<\/strong><\/p>\n<p>&nbsp;<\/p>\n<p>Active Expo Oy, som hittills arrangerat evenemanget, har genom en aff\u00e4rstransaktion s\u00e5lt verksamheten f\u00f6r b\u00e5de N\u00e5dendals B\u00e5tm\u00e4ssa och Veneet Esill\u00e4-evenemangen till Finnboat.<\/p>\n<p>&nbsp;<\/p>\n<h3><strong>Arrangemanget forts\u00e4tter med lokala krafter<\/strong><\/h3>\n<p>&nbsp;<\/p>\n<p>Enligt Finnboats styrelseordf\u00f6rande Kim Koskinen kommer N\u00e5dendals B\u00e5tm\u00e4ssa \u00e4ven i framtiden att utvecklas med en stark lokal f\u00f6rankring. Tuomas Levanto, som tidigare ordnade evenemanget, forts\u00e4tter som ordf\u00f6rande f\u00f6r utst\u00e4llningskommitt\u00e9n, och Jani Ollikainen, en erfaren fiskeguide och marknadsf\u00f6ringsexpert fr\u00e5n Merimasku med l\u00e5ng bakgrund inom b\u00e5tbranschen, har utsetts till m\u00e4sschef.<\/p>\n<p>&#8221;Vi vill forts\u00e4tta det fantastiska arbete som Tuomas har gjort f\u00f6r att utveckla evenemanget. Egentliga Finland har en stor betydelse f\u00f6r hela b\u00e5tbranschen, och som branschens centralorganisation beh\u00f6ver vi lyfta fram omr\u00e5det \u00e4nnu mer&#8221;, s\u00e4ger Kim Koskinen.<\/p>\n<p>Egentliga Finland \u00e4r, enligt Transport- och kommunikationsverket Traficom, det n\u00e4st mest aktiva b\u00e5tomr\u00e5det i Finland efter Nyland. Det finns n\u00e4stan 70 000 b\u00e5tar i omr\u00e5det.<\/p>\n<p>&nbsp;<\/p>\n<h3><strong>S\u00e4songens nya b\u00e5tar och b\u00e5tutrustning presenteras i N\u00e5dendal<\/strong><\/h3>\n<p>&nbsp;<\/p>\n<p>\u00c5r 2025 h\u00e5lls N\u00e5dendals B\u00e5tm\u00e4ssa den 23\u201325 maj. Enligt m\u00e4sschef Jani Ollikainen \u00e4r m\u00e5let att f\u00e5 bes\u00f6karna att trivas i N\u00e5dendals g\u00e4sthamn, njuta av god mat och se p\u00e5 b\u00e5tar.<\/p>\n<p>Nyheterna fr\u00e5n februarim\u00e4ssan i Helsingfors presenteras i sitt naturliga element p\u00e5 vattnet i N\u00e5dendal. M\u00e5let \u00e4r att ut\u00f6ka utbudet av b\u00e5tar och s\u00e4rskilt av b\u00e5tutrustning&#8221;, s\u00e4ger Ollikainen.<\/p>\n<p>Tuomas Levanto har varit med och arrangerat N\u00e5dendals B\u00e5tm\u00e4ssa sedan 2010 tillsammans med evenemangets grundare, Juha M\u00e4kinen. \u00c5r 2016 tog Levanto \u00f6ver helhetsansvaret f\u00f6r m\u00e4ssan.<\/p>\n<p>\u201cJag har varit med och byggt upp och utvecklat evenemanget, och nu vill jag se N\u00e5dendals B\u00e5tm\u00e4ssa ta steget till n\u00e4sta niv\u00e5. Finnboat \u00e4r r\u00e4tt bakgrundsakt\u00f6r f\u00f6r detta. N\u00e5dendals B\u00e5tm\u00e4ssa, som erbjuder provk\u00f6rningsm\u00f6jligheter, har alltid varit en naturlig forts\u00e4ttning p\u00e5 Helsingfors b\u00e5tm\u00e4ssa i februari\u201d, s\u00e4ger Levanto.<\/p>\n<p>Enligt Levanto har samarbetet med N\u00e5dendals stad alltid fungerat smidigt. B\u00e5tm\u00e4ssan markerar starten p\u00e5 sommars\u00e4songen i N\u00e5dendal och h\u00e5lls traditionellt helgen f\u00f6re skolavslutningen. D\u00e4refter f\u00f6ljer N\u00e5dendals Musikfestspel och s\u00e4songs\u00f6ppningen av Muminv\u00e4rlden.<\/p>\n<p>&#8221;Staden har sett b\u00e5tm\u00e4ssan som ett s\u00e4tt att fr\u00e4mja turismen och har m\u00f6jliggjort de praktiska arrangemangen f\u00f6r evenemanget. Genom m\u00e4ssan har vi ocks\u00e5 kunnat tidigarel\u00e4gga starten p\u00e5 sommars\u00e4songen i N\u00e5dendal med ett par veckor&#8221;, s\u00e4ger Levanto.<\/p>\n<p>Bland de \u00e5rliga utst\u00e4llarna p\u00e5 N\u00e5dendals B\u00e5tm\u00e4ssa finns Nautical Partners, import\u00f6r av Jeanneau-, Prestige-, Wellcraft- och Delphia-motorb\u00e5tar samt Zodiac-gummib\u00e5tar. Enligt vd Timo Yli-Heikkil\u00e4 \u00e4r evenemanget b\u00e5de viktigt och v\u00e4rdefullt f\u00f6r f\u00f6retaget.<\/p>\n<p>&#8221;Med st\u00f6rre st\u00f6d bakom oss kommer \u00e4ven evenemangets nationella synlighet och betydelse att \u00f6ka&#8221;, bed\u00f6mer Yli-Heikkil\u00e4.<\/p>\n<p>\u00c4ven Astrum B\u00e5t, som har exklusiv f\u00f6rs\u00e4ljning av Grandezza-, Sargo- och Arronet-b\u00e5tar i Finland, \u00e4r en \u00e5terkommande utst\u00e4llare p\u00e5 N\u00e5dendals B\u00e5tm\u00e4ssa. Enligt vd Henri Jokinen \u00e4r det s\u00e4rskilt N\u00e5dendals unika milj\u00f6 och den fria entr\u00e9n som skiljer m\u00e4ssan fr\u00e5n andra b\u00e5tutst\u00e4llningar.<\/p>\n<p>&#8221;F\u00f6r b\u00e5de oss och publiken \u00e4r det l\u00e4tt att ta sig till N\u00e5dendal. Det \u00e4r ett avslappnat evenemang och en bra milj\u00f6 f\u00f6r att m\u00f6ta kunder&#8221;, s\u00e4ger Jokinen.<\/p>\n<p>&nbsp;<\/p>\n<h3><strong>Finnboat vill st\u00e4rka b\u00e5tlivets synlighet <\/strong><\/h3>\n<p>&nbsp;<\/p>\n<p>Kim Koskinen betonar att Finnboats m\u00e5l som en icke-vinstdrivande organisation \u00e4r att st\u00e4rka b\u00e5tbranschens synlighet i allm\u00e4nhet.<\/p>\n<p>&#8221;V\u00e5rt intresse \u00e4r inte att konkurrera med andra evenemang, utan ju mer vi kan lyfta fram b\u00e5tbranschen, desto b\u00e4ttre \u00e4r det f\u00f6r hela sektorn&#8221;, konstaterar Koskinen.<\/p>\n<p>Under det kommande \u00e5ret st\u00e5r Finnboat bakom tre av de st\u00f6rsta b\u00e5tm\u00e4ssorna i branschen: b\u00e5tm\u00e4ssan i Helsingfors i februari, N\u00e5dendals b\u00e5tm\u00e4ssa i maj och Helsingfors flytande b\u00e5tutst\u00e4llning p\u00e5 Drums\u00f6 i augusti.<\/p>\n<p>Helsingfors internationella b\u00e5tm\u00e4ssa, Vene B\u00e5t, arrangeras p\u00e5 Helsingfors M\u00e4sscentrum p\u00e5 uppdrag av Finnboat n\u00e4sta g\u00e5ng den 7\u201316 februari 2025. N\u00e5dendals B\u00e5tm\u00e4ssa h\u00e5lls den 23\u201325 maj 2025 och den traditionella flytande b\u00e5tutst\u00e4llningen i Helsingfors, Uiva Flytande, \u00e4ger rum den 14\u201317 augusti 2025.<\/p>\n<p>&nbsp;<\/p>\n<p><strong>Mer information f\u00f6r pressen<\/strong><\/p>\n<p>Tuomas Levanto, ordf\u00f6rande f\u00f6r m\u00e4sskommitt\u00e9n, N\u00e5dendals B\u00e5tm\u00e4ssa<\/p>\n<p>Tfn: 040 413 4143<\/p>\n<p>&nbsp;<\/p>\n<p>Jani Ollikainen, m\u00e4sschef, N\u00e5dendals B\u00e5tm\u00e4ssa<\/p>\n<p>Tfn: 045 126 9334<\/p>\n<p>&nbsp;<\/p>\n<p>Jarkko Pajusalo, verkst\u00e4llande direkt\u00f6r, B\u00e5tbranschens Centralf\u00f6rbund Finnboat rf<\/p>","protected":false},"excerpt":{"rendered":"<p>Utvecklingen av b\u00e5tm\u00e4ssan i N\u00e5dendal, som markerar starten f\u00f6r b\u00e5ts\u00e4songen i Sk\u00e4rg\u00e5rdshavet varje v\u00e5r, sker i samarbete mellan hela b\u00e5tbranschen och lokala akt\u00f6rer. Det nya arrang\u00f6rsorganet f\u00f6r b\u00e5tevenemanget som h\u00e5lls [&hellip;]<\/p>\n","protected":false},"author":317,"featured_media":0,"comment_status":"closed","ping_status":"closed","sticky":false,"template":"","format":"standard","meta":{"_acf_changed":false,"_crdt_document":"","inline_featured_image":false,"_monsterinsights_skip_tracking":false,"_monsterinsights_sitenote_active":false,"_monsterinsights_sitenote_note":"","_monsterinsights_sitenote_category":0,"footnotes":""},"categories":[18,17],"tags":[],"class_list":["post-11430","post","type-post","status-publish","format-standard","hentry","category-jasenille","category-tiedote"],"acf":[],"yoast_head":"<!-- This site is optimized with the Yoast SEO plugin v27.5 - https:\/\/yoast.com\/product\/yoast-seo-wordpress\/ -->\n<title>Finnboat tar \u00f6ver ansvaret f\u00f6r att organisera b\u00e5tm\u00e4ssan i N\u00e5dendal - Finnboat<\/title>\n<meta name=\"robots\" content=\"index, follow, max-snippet:-1, max-image-preview:large, max-video-preview:-1\" \/>\n<link rel=\"canonical\" href=\"https:\/\/www.finnboat.fi\/sv\/blog\/2024\/11\/07\/finnboat-tar-over-ansvaret-for-att-organisera-batmassan-i-nadendal\/\" \/>\n<meta property=\"og:locale\" content=\"sv_SE\" \/>\n<meta property=\"og:type\" content=\"article\" \/>\n<meta property=\"og:title\" content=\"Finnboat tar \u00f6ver ansvaret f\u00f6r att organisera b\u00e5tm\u00e4ssan i N\u00e5dendal - Finnboat\" \/>\n<meta property=\"og:description\" content=\"Utvecklingen av b\u00e5tm\u00e4ssan i N\u00e5dendal, som markerar starten f\u00f6r b\u00e5ts\u00e4songen i Sk\u00e4rg\u00e5rdshavet varje v\u00e5r, sker i samarbete mellan hela b\u00e5tbranschen och lokala akt\u00f6rer. Det nya arrang\u00f6rsorganet f\u00f6r b\u00e5tevenemanget som h\u00e5lls [&hellip;]\" \/>\n<meta property=\"og:url\" content=\"https:\/\/www.finnboat.fi\/sv\/blog\/2024\/11\/07\/finnboat-tar-over-ansvaret-for-att-organisera-batmassan-i-nadendal\/\" \/>\n<meta property=\"og:site_name\" content=\"Finnboat\" \/>\n<meta property=\"article:published_time\" content=\"2024-11-07T11:07:34+00:00\" \/>\n<meta property=\"article:modified_time\" content=\"2024-11-07T11:09:12+00:00\" \/>\n<meta name=\"author\" content=\"Finnboat Katri\" \/>\n<meta name=\"twitter:card\" content=\"summary_large_image\" \/>\n<meta name=\"twitter:label1\" content=\"Skriven av\" \/>\n\t<meta name=\"twitter:data1\" content=\"Finnboat Katri\" \/>\n\t<meta name=\"twitter:label2\" content=\"Ber\u00e4knad l\u00e4stid\" \/>\n\t<meta name=\"twitter:data2\" content=\"5 minuter\" \/>\n<script type=\"application\/ld+json\" class=\"yoast-schema-graph\">{\"@context\":\"https:\\\/\\\/schema.org\",\"@graph\":[{\"@type\":\"Article\",\"@id\":\"https:\\\/\\\/www.finnboat.fi\\\/blog\\\/2024\\\/11\\\/07\\\/finnboat-tar-over-ansvaret-for-att-organisera-batmassan-i-nadendal\\\/#article\",\"isPartOf\":{\"@id\":\"https:\\\/\\\/www.finnboat.fi\\\/blog\\\/2024\\\/11\\\/07\\\/finnboat-tar-over-ansvaret-for-att-organisera-batmassan-i-nadendal\\\/\"},\"author\":{\"name\":\"Finnboat Katri\",\"@id\":\"https:\\\/\\\/www.finnboat.fi\\\/en\\\/#\\\/schema\\\/person\\\/771ccc7d4088cefbca6c99cfa4e6ab76\"},\"headline\":\"Finnboat tar \u00f6ver ansvaret f\u00f6r att organisera b\u00e5tm\u00e4ssan i N\u00e5dendal\",\"datePublished\":\"2024-11-07T11:07:34+00:00\",\"dateModified\":\"2024-11-07T11:09:12+00:00\",\"mainEntityOfPage\":{\"@id\":\"https:\\\/\\\/www.finnboat.fi\\\/blog\\\/2024\\\/11\\\/07\\\/finnboat-tar-over-ansvaret-for-att-organisera-batmassan-i-nadendal\\\/\"},\"wordCount\":859,\"publisher\":{\"@id\":\"https:\\\/\\\/www.finnboat.fi\\\/en\\\/#organization\"},\"articleSection\":[\"J\u00e4senille\",\"Tiedotteet\"],\"inLanguage\":\"sv-SE\"},{\"@type\":\"WebPage\",\"@id\":\"https:\\\/\\\/www.finnboat.fi\\\/blog\\\/2024\\\/11\\\/07\\\/finnboat-tar-over-ansvaret-for-att-organisera-batmassan-i-nadendal\\\/\",\"url\":\"https:\\\/\\\/www.finnboat.fi\\\/blog\\\/2024\\\/11\\\/07\\\/finnboat-tar-over-ansvaret-for-att-organisera-batmassan-i-nadendal\\\/\",\"name\":\"Finnboat tar \u00f6ver ansvaret f\u00f6r att organisera b\u00e5tm\u00e4ssan i N\u00e5dendal - Finnboat\",\"isPartOf\":{\"@id\":\"https:\\\/\\\/www.finnboat.fi\\\/en\\\/#website\"},\"datePublished\":\"2024-11-07T11:07:34+00:00\",\"dateModified\":\"2024-11-07T11:09:12+00:00\",\"breadcrumb\":{\"@id\":\"https:\\\/\\\/www.finnboat.fi\\\/blog\\\/2024\\\/11\\\/07\\\/finnboat-tar-over-ansvaret-for-att-organisera-batmassan-i-nadendal\\\/#breadcrumb\"},\"inLanguage\":\"sv-SE\",\"potentialAction\":[{\"@type\":\"ReadAction\",\"target\":[\"https:\\\/\\\/www.finnboat.fi\\\/blog\\\/2024\\\/11\\\/07\\\/finnboat-tar-over-ansvaret-for-att-organisera-batmassan-i-nadendal\\\/\"]}]},{\"@type\":\"BreadcrumbList\",\"@id\":\"https:\\\/\\\/www.finnboat.fi\\\/blog\\\/2024\\\/11\\\/07\\\/finnboat-tar-over-ansvaret-for-att-organisera-batmassan-i-nadendal\\\/#breadcrumb\",\"itemListElement\":[{\"@type\":\"ListItem\",\"position\":1,\"name\":\"Etusivu\",\"item\":\"https:\\\/\\\/www.finnboat.fi\\\/\"},{\"@type\":\"ListItem\",\"position\":2,\"name\":\"Finnboat tar \u00f6ver ansvaret f\u00f6r att organisera b\u00e5tm\u00e4ssan i N\u00e5dendal\"}]},{\"@type\":\"WebSite\",\"@id\":\"https:\\\/\\\/www.finnboat.fi\\\/en\\\/#website\",\"url\":\"https:\\\/\\\/www.finnboat.fi\\\/en\\\/\",\"name\":\"Finnboat\",\"description\":\"Venealan Keskusliitto Finnboat ry\",\"publisher\":{\"@id\":\"https:\\\/\\\/www.finnboat.fi\\\/en\\\/#organization\"},\"potentialAction\":[{\"@type\":\"SearchAction\",\"target\":{\"@type\":\"EntryPoint\",\"urlTemplate\":\"https:\\\/\\\/www.finnboat.fi\\\/en\\\/?s={search_term_string}\"},\"query-input\":{\"@type\":\"PropertyValueSpecification\",\"valueRequired\":true,\"valueName\":\"search_term_string\"}}],\"inLanguage\":\"sv-SE\"},{\"@type\":\"Organization\",\"@id\":\"https:\\\/\\\/www.finnboat.fi\\\/en\\\/#organization\",\"name\":\"Finnboat\",\"url\":\"https:\\\/\\\/www.finnboat.fi\\\/en\\\/\",\"logo\":{\"@type\":\"ImageObject\",\"inLanguage\":\"sv-SE\",\"@id\":\"https:\\\/\\\/www.finnboat.fi\\\/en\\\/#\\\/schema\\\/logo\\\/image\\\/\",\"url\":\"https:\\\/\\\/www.finnboat.fi\\\/wp-content\\\/uploads\\\/2026\\\/02\\\/cropped-kassi.png\",\"contentUrl\":\"https:\\\/\\\/www.finnboat.fi\\\/wp-content\\\/uploads\\\/2026\\\/02\\\/cropped-kassi.png\",\"width\":1023,\"height\":1023,\"caption\":\"Finnboat\"},\"image\":{\"@id\":\"https:\\\/\\\/www.finnboat.fi\\\/en\\\/#\\\/schema\\\/logo\\\/image\\\/\"}},{\"@type\":\"Person\",\"@id\":\"https:\\\/\\\/www.finnboat.fi\\\/en\\\/#\\\/schema\\\/person\\\/771ccc7d4088cefbca6c99cfa4e6ab76\",\"name\":\"Finnboat Katri\"}]}<\/script>\n<!-- \/ Yoast SEO plugin. -->","yoast_head_json":{"title":"Finnboat tar \u00f6ver ansvaret f\u00f6r att organisera b\u00e5tm\u00e4ssan i N\u00e5dendal - Finnboat","robots":{"index":"index","follow":"follow","max-snippet":"max-snippet:-1","max-image-preview":"max-image-preview:large","max-video-preview":"max-video-preview:-1"},"canonical":"https:\/\/www.finnboat.fi\/sv\/blog\/2024\/11\/07\/finnboat-tar-over-ansvaret-for-att-organisera-batmassan-i-nadendal\/","og_locale":"sv_SE","og_type":"article","og_title":"Finnboat tar \u00f6ver ansvaret f\u00f6r att organisera b\u00e5tm\u00e4ssan i N\u00e5dendal - Finnboat","og_description":"Utvecklingen av b\u00e5tm\u00e4ssan i N\u00e5dendal, som markerar starten f\u00f6r b\u00e5ts\u00e4songen i Sk\u00e4rg\u00e5rdshavet varje v\u00e5r, sker i samarbete mellan hela b\u00e5tbranschen och lokala akt\u00f6rer. Det nya arrang\u00f6rsorganet f\u00f6r b\u00e5tevenemanget som h\u00e5lls [&hellip;]","og_url":"https:\/\/www.finnboat.fi\/sv\/blog\/2024\/11\/07\/finnboat-tar-over-ansvaret-for-att-organisera-batmassan-i-nadendal\/","og_site_name":"Finnboat","article_published_time":"2024-11-07T11:07:34+00:00","article_modified_time":"2024-11-07T11:09:12+00:00","author":"Finnboat Katri","twitter_card":"summary_large_image","twitter_misc":{"Skriven av":"Finnboat Katri","Ber\u00e4knad l\u00e4stid":"5 minuter"},"schema":{"@context":"https:\/\/schema.org","@graph":[{"@type":"Article","@id":"https:\/\/www.finnboat.fi\/blog\/2024\/11\/07\/finnboat-tar-over-ansvaret-for-att-organisera-batmassan-i-nadendal\/#article","isPartOf":{"@id":"https:\/\/www.finnboat.fi\/blog\/2024\/11\/07\/finnboat-tar-over-ansvaret-for-att-organisera-batmassan-i-nadendal\/"},"author":{"name":"Finnboat Katri","@id":"https:\/\/www.finnboat.fi\/en\/#\/schema\/person\/771ccc7d4088cefbca6c99cfa4e6ab76"},"headline":"Finnboat tar \u00f6ver ansvaret f\u00f6r att organisera b\u00e5tm\u00e4ssan i N\u00e5dendal","datePublished":"2024-11-07T11:07:34+00:00","dateModified":"2024-11-07T11:09:12+00:00","mainEntityOfPage":{"@id":"https:\/\/www.finnboat.fi\/blog\/2024\/11\/07\/finnboat-tar-over-ansvaret-for-att-organisera-batmassan-i-nadendal\/"},"wordCount":859,"publisher":{"@id":"https:\/\/www.finnboat.fi\/en\/#organization"},"articleSection":["J\u00e4senille","Tiedotteet"],"inLanguage":"sv-SE"},{"@type":"WebPage","@id":"https:\/\/www.finnboat.fi\/blog\/2024\/11\/07\/finnboat-tar-over-ansvaret-for-att-organisera-batmassan-i-nadendal\/","url":"https:\/\/www.finnboat.fi\/blog\/2024\/11\/07\/finnboat-tar-over-ansvaret-for-att-organisera-batmassan-i-nadendal\/","name":"Finnboat tar \u00f6ver ansvaret f\u00f6r att organisera b\u00e5tm\u00e4ssan i N\u00e5dendal - Finnboat","isPartOf":{"@id":"https:\/\/www.finnboat.fi\/en\/#website"},"datePublished":"2024-11-07T11:07:34+00:00","dateModified":"2024-11-07T11:09:12+00:00","breadcrumb":{"@id":"https:\/\/www.finnboat.fi\/blog\/2024\/11\/07\/finnboat-tar-over-ansvaret-for-att-organisera-batmassan-i-nadendal\/#breadcrumb"},"inLanguage":"sv-SE","potentialAction":[{"@type":"ReadAction","target":["https:\/\/www.finnboat.fi\/blog\/2024\/11\/07\/finnboat-tar-over-ansvaret-for-att-organisera-batmassan-i-nadendal\/"]}]},{"@type":"BreadcrumbList","@id":"https:\/\/www.finnboat.fi\/blog\/2024\/11\/07\/finnboat-tar-over-ansvaret-for-att-organisera-batmassan-i-nadendal\/#breadcrumb","itemListElement":[{"@type":"ListItem","position":1,"name":"Etusivu","item":"https:\/\/www.finnboat.fi\/"},{"@type":"ListItem","position":2,"name":"Finnboat tar \u00f6ver ansvaret f\u00f6r att organisera b\u00e5tm\u00e4ssan i N\u00e5dendal"}]},{"@type":"WebSite","@id":"https:\/\/www.finnboat.fi\/en\/#website","url":"https:\/\/www.finnboat.fi\/en\/","name":"Finnboat","description":"B\u00e5tbranschens Centralf\u00f6rbund Finnboat rf","publisher":{"@id":"https:\/\/www.finnboat.fi\/en\/#organization"},"potentialAction":[{"@type":"SearchAction","target":{"@type":"EntryPoint","urlTemplate":"https:\/\/www.finnboat.fi\/en\/?s={search_term_string}"},"query-input":{"@type":"PropertyValueSpecification","valueRequired":true,"valueName":"search_term_string"}}],"inLanguage":"sv-SE"},{"@type":"Organization","@id":"https:\/\/www.finnboat.fi\/en\/#organization","name":"Finnboat","url":"https:\/\/www.finnboat.fi\/en\/","logo":{"@type":"ImageObject","inLanguage":"sv-SE","@id":"https:\/\/www.finnboat.fi\/en\/#\/schema\/logo\/image\/","url":"https:\/\/www.finnboat.fi\/wp-content\/uploads\/2026\/02\/cropped-kassi.png","contentUrl":"https:\/\/www.finnboat.fi\/wp-content\/uploads\/2026\/02\/cropped-kassi.png","width":1023,"height":1023,"caption":"Finnboat"},"image":{"@id":"https:\/\/www.finnboat.fi\/en\/#\/schema\/logo\/image\/"}},{"@type":"Person","@id":"https:\/\/www.finnboat.fi\/en\/#\/schema\/person\/771ccc7d4088cefbca6c99cfa4e6ab76","name":"Finnboat Katri"}]}},"_links":{"self":[{"href":"https:\/\/www.finnboat.fi\/sv\/wp-json\/wp\/v2\/posts\/11430","targetHints":{"allow":["GET"]}}],"collection":[{"href":"https:\/\/www.finnboat.fi\/sv\/wp-json\/wp\/v2\/posts"}],"about":[{"href":"https:\/\/www.finnboat.fi\/sv\/wp-json\/wp\/v2\/types\/post"}],"author":[{"embeddable":true,"href":"https:\/\/www.finnboat.fi\/sv\/wp-json\/wp\/v2\/users\/317"}],"replies":[{"embeddable":true,"href":"https:\/\/www.finnboat.fi\/sv\/wp-json\/wp\/v2\/comments?post=11430"}],"version-history":[{"count":1,"href":"https:\/\/www.finnboat.fi\/sv\/wp-json\/wp\/v2\/posts\/11430\/revisions"}],"predecessor-version":[{"id":11431,"href":"https:\/\/www.finnboat.fi\/sv\/wp-json\/wp\/v2\/posts\/11430\/revisions\/11431"}],"wp:attachment":[{"href":"https:\/\/www.finnboat.fi\/sv\/wp-json\/wp\/v2\/media?parent=11430"}],"wp:term":[{"taxonomy":"category","embeddable":true,"href":"https:\/\/www.finnboat.fi\/sv\/wp-json\/wp\/v2\/categories?post=11430"},{"taxonomy":"post_tag","embeddable":true,"href":"https:\/\/www.finnboat.fi\/sv\/wp-json\/wp\/v2\/tags?post=11430"}],"curies":[{"name":"wp","href":"https:\/\/api.w.org\/{rel}","templated":true}]}}