{"id":533,"date":"2018-12-27T00:00:00","date_gmt":"2018-12-26T22:00:00","guid":{"rendered":"https:\/\/finnboatfi-wp16167.test.cchosting.fi\/blog\/2018\/12\/27\/veneala-vaatii-koulujen-kesalomien-siirtoa\/"},"modified":"2022-05-31T11:44:44","modified_gmt":"2022-05-31T08:44:44","slug":"veneala-vaatii-koulujen-kesalomien-siirtoa","status":"publish","type":"post","link":"https:\/\/www.finnboat.fi\/sv\/blog\/2018\/12\/27\/veneala-vaatii-koulujen-kesalomien-siirtoa\/","title":{"rendered":"Veneala vaatii koulujen kes\u00e4lomien siirtoa"},"content":{"rendered":"<p>&#8221;T\u00e4n\u00e4kin kes\u00e4n\u00e4 on n\u00e4hty, miten Suomen nykyisell\u00e4\u00e4n aivan liian lyhyt matkailukausi on armottoman haastava vierassatamien yritt\u00e4jille. Ei ole yll\u00e4tys, ett\u00e4 Finnboatin j\u00e4senkunta on asiasta huolissaan: j\u00e4senkyselyss\u00e4mme per\u00e4ti 91 % j\u00e4senist\u00e4 kannatti kes\u00e4lomien siirtoa eteenp\u00e4in&#8221;, alan toimijoita edustavan Venealan Keskusliitto Finnboatin toimitusjohtaja Jarkko Pajusalo kertoo.  <br \/>&#8221;Kes\u00e4sesonki on hyvin lyhyt, joten lomien siirt\u00e4minen pirist\u00e4isi etenkin J\u00e4rvi-Suomen ja Rannikko-Suomen matkailua&#8221;, sanoo my\u00f6s Matkailu- ja Ravintolapalvelut MaRa ry:n toimitusjohtaja Timo Lappi.<\/p>\n<p>Ty\u00f6- ja elinkeinoministeri\u00f6n kev\u00e4\u00e4ll\u00e4 2018 teett\u00e4m\u00e4n selvityksen mukaan jo kahden viikon siirto toisi matkailualalle 1300 henkil\u00f6ty\u00f6vuotta lis\u00e4\u00e4 ja parantaisi matkailijoiden ja siten my\u00f6s veneilij\u00f6iden palveluja erityisesti elokuussa. Matkailualan mukaan viel\u00e4 suuremmat positiiviset vaikutukset saataisiin, jos lomia siirrett\u00e4isiin alkamaan vasta juhannuksesta ja p\u00e4\u00e4ttym\u00e4\u00e4n elokuun lopussa.<\/p>\n<p>&#8221;Finnboatin kanta onkin, ett\u00e4 hallituksen on k\u00e4ynnistett\u00e4v\u00e4 kokonaisvaltainen selvitys koulujen kes\u00e4lomien siirt\u00e4misen vaikutuksista sek\u00e4 koulutukseen ett\u00e4 kansantalouteen&#8221;, Pajusalo sanoo.<\/p>\n<p><b>Historiallinen kes\u00e4 suosi veneily\u00e4<\/b><\/p>\n<p>Finnboatissa uskotaan, ett\u00e4 lomien siirto ja kotimaan kes\u00e4matkailun piristyminen vahvistaisi my\u00f6s venealan asemaa merkitt\u00e4v\u00e4n\u00e4 ty\u00f6llist\u00e4j\u00e4n\u00e4. Suoraan alan yrityksiss\u00e4 ty\u00f6skentelee 3500 henkil\u00f6\u00e4 ja ty\u00f6llisyysvaikutus on kaikkiaan 4000-6000 henkil\u00f6\u00e4. Muista Pohjoismaista poiketen Suomessa on vahvaa omaa tuotantoa, viennin osuus kokonaistuotannosta oli viime vuonna per\u00e4ti 73 prosenttia. <\/p>\n<p>&#8221;On pohjimmiltaan kotimaisen el\u00e4v\u00e4n veneilykulttuurin ansiota, ett\u00e4 suomalaisveneill\u00e4 on maailman markkinoilla erinomainen maine ja kansainv\u00e4linen asemamme on vahva. Ainoat kest\u00e4v\u00e4t ratkaisut ja kilpailuedut muuttuvassa maailmassa ovat maailmanluokan tuotteet ja palvelut&#8221;, sanoo Finnboatin uusi puheenjohtaja Anders Kurt\u00e9n.<\/p>\n<p>&#8221;Aivan tuore todiste osaamisesta on eurooppalainen Best of Boats Awards -kilpailu, jonka 22 finalistin joukkoon valittiin per\u00e4ti kuusi suomalaista venett\u00e4 ja loppukilpailussa Bella Falcon BR7 palkittiin parhaana veneen\u00e4 Best for Beginners -sarjassa&#8221;, Pajusalo mainitsee. <\/p>\n<p>Alalla elet\u00e4\u00e4n valoisissa tunnelmissa jopa talven pimeimpin\u00e4 viikkoina, sill\u00e4 historiallisen kaunis kes\u00e4s\u00e4\u00e4 suosi veneily\u00e4 ja virkisti my\u00f6s kotimaan venekauppaa. L\u00e4mmin kes\u00e4 toi kasvua erityisesti vesijettien ja m\u00f6kkiveneiden kauppaan. <\/p>\n<p>&#8221;Huhtikuun j\u00e4lkeen jokainen kuukausi on ollut kasvussa viime vuoteen verrattuna, koko vuoden vesikulkuneuvojen rekister\u00f6innit ovat yli seitsem\u00e4n prosentin kasvussa ja veist\u00e4m\u00f6iden tilauskirjat ovat t\u00e4yttyneet, mik\u00e4 antaa hyv\u00e4t l\u00e4ht\u00f6kohdat seuraavalle kaudelle&#8221;, Jarkko Pajusalo kertoo.  <\/p>\n<p>My\u00f6nteisist\u00e4 tunnelmista kertoi my\u00f6s vuosittain elokuussa j\u00e4rjestett\u00e4v\u00e4n Helsingin Uivan venen\u00e4yttelyn suosio. Kauniissa loppukes\u00e4n s\u00e4\u00e4ss\u00e4 j\u00e4rjestetyn tapahtuman k\u00e4vij\u00e4m\u00e4\u00e4r\u00e4 kasvoi per\u00e4ti 16 prosentilla l\u00e4hes 13&nbsp;000:een k\u00e4vij\u00e4\u00e4n. <\/p>\n<p>Lis\u00e4tietoja:<br \/>toimitusjohtaja Jarkko Pajusalo <br \/><a href=\"mailto:jarkko@finnboat.fi\">jarkko@finnboat.fi<\/a><br \/>B\u00e5tbranschens Centralf\u00f6rbund Finnboat rf<br \/>K\u00e4enkuja 8 A 47, 0500 Helsinki<br \/>puh 040&nbsp;673&nbsp;4032<br \/><a href=\"http:\/\/www.finnboat.fi\/sv\/\">www.finnboat.fi<\/a><br \/><a href=\"http:\/\/www.suomiveneilee.fi\">www.suomiveneilee.fi<\/a><\/p>","protected":false},"excerpt":{"rendered":"<p>Venealan yritykset vaativat koulujen kes\u00e4lomakauden siirtoa ainakin kahdella viikolla kohti elokuuta. Lomakauden siirt\u00e4minen tukisi kotimaan matkailua, sill\u00e4 kes\u00e4kuun s\u00e4\u00e4t ovat Suomessa ep\u00e4varmoja ja tuolloin lomamatkat suuntautuvat tyypillisesti ulkomaille.<\/p>","protected":false},"author":266,"featured_media":0,"comment_status":"closed","ping_status":"open","sticky":false,"template":"","format":"standard","meta":{"_acf_changed":false,"_crdt_document":"","inline_featured_image":false,"_monsterinsights_skip_tracking":false,"_monsterinsights_sitenote_active":false,"_monsterinsights_sitenote_note":"","_monsterinsights_sitenote_category":0,"footnotes":""},"categories":[17],"tags":[],"class_list":["post-533","post","type-post","status-publish","format-standard","hentry","category-tiedote"],"acf":[],"yoast_head":"<!-- This site is optimized with the Yoast SEO plugin v27.5 - https:\/\/yoast.com\/product\/yoast-seo-wordpress\/ -->\n<title>Veneala vaatii koulujen kes\u00e4lomien siirtoa - Finnboat<\/title>\n<meta name=\"robots\" content=\"index, follow, max-snippet:-1, max-image-preview:large, max-video-preview:-1\" \/>\n<link rel=\"canonical\" href=\"https:\/\/www.finnboat.fi\/sv\/blog\/2018\/12\/27\/veneala-vaatii-koulujen-kesalomien-siirtoa\/\" \/>\n<meta property=\"og:locale\" content=\"sv_SE\" \/>\n<meta property=\"og:type\" content=\"article\" \/>\n<meta property=\"og:title\" content=\"Veneala vaatii koulujen kes\u00e4lomien siirtoa - Finnboat\" \/>\n<meta property=\"og:description\" content=\"Venealan yritykset vaativat koulujen kes\u00e4lomakauden siirtoa ainakin kahdella viikolla kohti elokuuta. Lomakauden siirt\u00e4minen tukisi kotimaan matkailua, sill\u00e4 kes\u00e4kuun s\u00e4\u00e4t ovat Suomessa ep\u00e4varmoja ja tuolloin lomamatkat suuntautuvat tyypillisesti ulkomaille.\" \/>\n<meta property=\"og:url\" content=\"https:\/\/www.finnboat.fi\/sv\/blog\/2018\/12\/27\/veneala-vaatii-koulujen-kesalomien-siirtoa\/\" \/>\n<meta property=\"og:site_name\" content=\"Finnboat\" \/>\n<meta property=\"article:published_time\" content=\"2018-12-26T22:00:00+00:00\" \/>\n<meta property=\"article:modified_time\" content=\"2022-05-31T08:44:44+00:00\" \/>\n<meta name=\"author\" content=\"Jarkko Pajusalo\" \/>\n<meta name=\"twitter:card\" content=\"summary_large_image\" \/>\n<meta name=\"twitter:label1\" content=\"Skriven av\" \/>\n\t<meta name=\"twitter:data1\" content=\"Jarkko Pajusalo\" \/>\n\t<meta name=\"twitter:label2\" content=\"Ber\u00e4knad l\u00e4stid\" \/>\n\t<meta name=\"twitter:data2\" content=\"2 minuter\" \/>\n<script type=\"application\/ld+json\" class=\"yoast-schema-graph\">{\"@context\":\"https:\\\/\\\/schema.org\",\"@graph\":[{\"@type\":\"Article\",\"@id\":\"https:\\\/\\\/www.finnboat.fi\\\/blog\\\/2018\\\/12\\\/27\\\/veneala-vaatii-koulujen-kesalomien-siirtoa\\\/#article\",\"isPartOf\":{\"@id\":\"https:\\\/\\\/www.finnboat.fi\\\/blog\\\/2018\\\/12\\\/27\\\/veneala-vaatii-koulujen-kesalomien-siirtoa\\\/\"},\"author\":{\"name\":\"Jarkko Pajusalo\",\"@id\":\"https:\\\/\\\/www.finnboat.fi\\\/en\\\/#\\\/schema\\\/person\\\/ad551ff24cd22245bf1afaaa8d483b17\"},\"headline\":\"Veneala vaatii koulujen kes\u00e4lomien siirtoa\",\"datePublished\":\"2018-12-26T22:00:00+00:00\",\"dateModified\":\"2022-05-31T08:44:44+00:00\",\"mainEntityOfPage\":{\"@id\":\"https:\\\/\\\/www.finnboat.fi\\\/blog\\\/2018\\\/12\\\/27\\\/veneala-vaatii-koulujen-kesalomien-siirtoa\\\/\"},\"wordCount\":438,\"publisher\":{\"@id\":\"https:\\\/\\\/www.finnboat.fi\\\/en\\\/#organization\"},\"articleSection\":[\"Tiedotteet\"],\"inLanguage\":\"sv-SE\"},{\"@type\":\"WebPage\",\"@id\":\"https:\\\/\\\/www.finnboat.fi\\\/blog\\\/2018\\\/12\\\/27\\\/veneala-vaatii-koulujen-kesalomien-siirtoa\\\/\",\"url\":\"https:\\\/\\\/www.finnboat.fi\\\/blog\\\/2018\\\/12\\\/27\\\/veneala-vaatii-koulujen-kesalomien-siirtoa\\\/\",\"name\":\"Veneala vaatii koulujen kes\u00e4lomien siirtoa - Finnboat\",\"isPartOf\":{\"@id\":\"https:\\\/\\\/www.finnboat.fi\\\/en\\\/#website\"},\"datePublished\":\"2018-12-26T22:00:00+00:00\",\"dateModified\":\"2022-05-31T08:44:44+00:00\",\"breadcrumb\":{\"@id\":\"https:\\\/\\\/www.finnboat.fi\\\/blog\\\/2018\\\/12\\\/27\\\/veneala-vaatii-koulujen-kesalomien-siirtoa\\\/#breadcrumb\"},\"inLanguage\":\"sv-SE\",\"potentialAction\":[{\"@type\":\"ReadAction\",\"target\":[\"https:\\\/\\\/www.finnboat.fi\\\/blog\\\/2018\\\/12\\\/27\\\/veneala-vaatii-koulujen-kesalomien-siirtoa\\\/\"]}]},{\"@type\":\"BreadcrumbList\",\"@id\":\"https:\\\/\\\/www.finnboat.fi\\\/blog\\\/2018\\\/12\\\/27\\\/veneala-vaatii-koulujen-kesalomien-siirtoa\\\/#breadcrumb\",\"itemListElement\":[{\"@type\":\"ListItem\",\"position\":1,\"name\":\"Etusivu\",\"item\":\"https:\\\/\\\/www.finnboat.fi\\\/\"},{\"@type\":\"ListItem\",\"position\":2,\"name\":\"Veneala vaatii koulujen kes\u00e4lomien siirtoa\"}]},{\"@type\":\"WebSite\",\"@id\":\"https:\\\/\\\/www.finnboat.fi\\\/en\\\/#website\",\"url\":\"https:\\\/\\\/www.finnboat.fi\\\/en\\\/\",\"name\":\"Finnboat\",\"description\":\"Venealan Keskusliitto Finnboat ry\",\"publisher\":{\"@id\":\"https:\\\/\\\/www.finnboat.fi\\\/en\\\/#organization\"},\"potentialAction\":[{\"@type\":\"SearchAction\",\"target\":{\"@type\":\"EntryPoint\",\"urlTemplate\":\"https:\\\/\\\/www.finnboat.fi\\\/en\\\/?s={search_term_string}\"},\"query-input\":{\"@type\":\"PropertyValueSpecification\",\"valueRequired\":true,\"valueName\":\"search_term_string\"}}],\"inLanguage\":\"sv-SE\"},{\"@type\":\"Organization\",\"@id\":\"https:\\\/\\\/www.finnboat.fi\\\/en\\\/#organization\",\"name\":\"Finnboat\",\"url\":\"https:\\\/\\\/www.finnboat.fi\\\/en\\\/\",\"logo\":{\"@type\":\"ImageObject\",\"inLanguage\":\"sv-SE\",\"@id\":\"https:\\\/\\\/www.finnboat.fi\\\/en\\\/#\\\/schema\\\/logo\\\/image\\\/\",\"url\":\"https:\\\/\\\/www.finnboat.fi\\\/wp-content\\\/uploads\\\/2026\\\/02\\\/cropped-kassi.png\",\"contentUrl\":\"https:\\\/\\\/www.finnboat.fi\\\/wp-content\\\/uploads\\\/2026\\\/02\\\/cropped-kassi.png\",\"width\":1023,\"height\":1023,\"caption\":\"Finnboat\"},\"image\":{\"@id\":\"https:\\\/\\\/www.finnboat.fi\\\/en\\\/#\\\/schema\\\/logo\\\/image\\\/\"}},{\"@type\":\"Person\",\"@id\":\"https:\\\/\\\/www.finnboat.fi\\\/en\\\/#\\\/schema\\\/person\\\/ad551ff24cd22245bf1afaaa8d483b17\",\"name\":\"Jarkko Pajusalo\",\"sameAs\":[\"https:\\\/\\\/finnboat.fi\"]}]}<\/script>\n<!-- \/ Yoast SEO plugin. -->","yoast_head_json":{"title":"Veneala vaatii koulujen kes\u00e4lomien siirtoa - Finnboat","robots":{"index":"index","follow":"follow","max-snippet":"max-snippet:-1","max-image-preview":"max-image-preview:large","max-video-preview":"max-video-preview:-1"},"canonical":"https:\/\/www.finnboat.fi\/sv\/blog\/2018\/12\/27\/veneala-vaatii-koulujen-kesalomien-siirtoa\/","og_locale":"sv_SE","og_type":"article","og_title":"Veneala vaatii koulujen kes\u00e4lomien siirtoa - Finnboat","og_description":"Venealan yritykset vaativat koulujen kes\u00e4lomakauden siirtoa ainakin kahdella viikolla kohti elokuuta. Lomakauden siirt\u00e4minen tukisi kotimaan matkailua, sill\u00e4 kes\u00e4kuun s\u00e4\u00e4t ovat Suomessa ep\u00e4varmoja ja tuolloin lomamatkat suuntautuvat tyypillisesti ulkomaille.","og_url":"https:\/\/www.finnboat.fi\/sv\/blog\/2018\/12\/27\/veneala-vaatii-koulujen-kesalomien-siirtoa\/","og_site_name":"Finnboat","article_published_time":"2018-12-26T22:00:00+00:00","article_modified_time":"2022-05-31T08:44:44+00:00","author":"Jarkko Pajusalo","twitter_card":"summary_large_image","twitter_misc":{"Skriven av":"Jarkko Pajusalo","Ber\u00e4knad l\u00e4stid":"2 minuter"},"schema":{"@context":"https:\/\/schema.org","@graph":[{"@type":"Article","@id":"https:\/\/www.finnboat.fi\/blog\/2018\/12\/27\/veneala-vaatii-koulujen-kesalomien-siirtoa\/#article","isPartOf":{"@id":"https:\/\/www.finnboat.fi\/blog\/2018\/12\/27\/veneala-vaatii-koulujen-kesalomien-siirtoa\/"},"author":{"name":"Jarkko Pajusalo","@id":"https:\/\/www.finnboat.fi\/en\/#\/schema\/person\/ad551ff24cd22245bf1afaaa8d483b17"},"headline":"Veneala vaatii koulujen kes\u00e4lomien siirtoa","datePublished":"2018-12-26T22:00:00+00:00","dateModified":"2022-05-31T08:44:44+00:00","mainEntityOfPage":{"@id":"https:\/\/www.finnboat.fi\/blog\/2018\/12\/27\/veneala-vaatii-koulujen-kesalomien-siirtoa\/"},"wordCount":438,"publisher":{"@id":"https:\/\/www.finnboat.fi\/en\/#organization"},"articleSection":["Tiedotteet"],"inLanguage":"sv-SE"},{"@type":"WebPage","@id":"https:\/\/www.finnboat.fi\/blog\/2018\/12\/27\/veneala-vaatii-koulujen-kesalomien-siirtoa\/","url":"https:\/\/www.finnboat.fi\/blog\/2018\/12\/27\/veneala-vaatii-koulujen-kesalomien-siirtoa\/","name":"Veneala vaatii koulujen kes\u00e4lomien siirtoa - Finnboat","isPartOf":{"@id":"https:\/\/www.finnboat.fi\/en\/#website"},"datePublished":"2018-12-26T22:00:00+00:00","dateModified":"2022-05-31T08:44:44+00:00","breadcrumb":{"@id":"https:\/\/www.finnboat.fi\/blog\/2018\/12\/27\/veneala-vaatii-koulujen-kesalomien-siirtoa\/#breadcrumb"},"inLanguage":"sv-SE","potentialAction":[{"@type":"ReadAction","target":["https:\/\/www.finnboat.fi\/blog\/2018\/12\/27\/veneala-vaatii-koulujen-kesalomien-siirtoa\/"]}]},{"@type":"BreadcrumbList","@id":"https:\/\/www.finnboat.fi\/blog\/2018\/12\/27\/veneala-vaatii-koulujen-kesalomien-siirtoa\/#breadcrumb","itemListElement":[{"@type":"ListItem","position":1,"name":"Etusivu","item":"https:\/\/www.finnboat.fi\/"},{"@type":"ListItem","position":2,"name":"Veneala vaatii koulujen kes\u00e4lomien siirtoa"}]},{"@type":"WebSite","@id":"https:\/\/www.finnboat.fi\/en\/#website","url":"https:\/\/www.finnboat.fi\/en\/","name":"Finnboat","description":"B\u00e5tbranschens Centralf\u00f6rbund Finnboat rf","publisher":{"@id":"https:\/\/www.finnboat.fi\/en\/#organization"},"potentialAction":[{"@type":"SearchAction","target":{"@type":"EntryPoint","urlTemplate":"https:\/\/www.finnboat.fi\/en\/?s={search_term_string}"},"query-input":{"@type":"PropertyValueSpecification","valueRequired":true,"valueName":"search_term_string"}}],"inLanguage":"sv-SE"},{"@type":"Organization","@id":"https:\/\/www.finnboat.fi\/en\/#organization","name":"Finnboat","url":"https:\/\/www.finnboat.fi\/en\/","logo":{"@type":"ImageObject","inLanguage":"sv-SE","@id":"https:\/\/www.finnboat.fi\/en\/#\/schema\/logo\/image\/","url":"https:\/\/www.finnboat.fi\/wp-content\/uploads\/2026\/02\/cropped-kassi.png","contentUrl":"https:\/\/www.finnboat.fi\/wp-content\/uploads\/2026\/02\/cropped-kassi.png","width":1023,"height":1023,"caption":"Finnboat"},"image":{"@id":"https:\/\/www.finnboat.fi\/en\/#\/schema\/logo\/image\/"}},{"@type":"Person","@id":"https:\/\/www.finnboat.fi\/en\/#\/schema\/person\/ad551ff24cd22245bf1afaaa8d483b17","name":"Jarkko Pajusalo","sameAs":["https:\/\/finnboat.fi"]}]}},"_links":{"self":[{"href":"https:\/\/www.finnboat.fi\/sv\/wp-json\/wp\/v2\/posts\/533","targetHints":{"allow":["GET"]}}],"collection":[{"href":"https:\/\/www.finnboat.fi\/sv\/wp-json\/wp\/v2\/posts"}],"about":[{"href":"https:\/\/www.finnboat.fi\/sv\/wp-json\/wp\/v2\/types\/post"}],"author":[{"embeddable":true,"href":"https:\/\/www.finnboat.fi\/sv\/wp-json\/wp\/v2\/users\/266"}],"replies":[{"embeddable":true,"href":"https:\/\/www.finnboat.fi\/sv\/wp-json\/wp\/v2\/comments?post=533"}],"version-history":[{"count":1,"href":"https:\/\/www.finnboat.fi\/sv\/wp-json\/wp\/v2\/posts\/533\/revisions"}],"predecessor-version":[{"id":1618,"href":"https:\/\/www.finnboat.fi\/sv\/wp-json\/wp\/v2\/posts\/533\/revisions\/1618"}],"wp:attachment":[{"href":"https:\/\/www.finnboat.fi\/sv\/wp-json\/wp\/v2\/media?parent=533"}],"wp:term":[{"taxonomy":"category","embeddable":true,"href":"https:\/\/www.finnboat.fi\/sv\/wp-json\/wp\/v2\/categories?post=533"},{"taxonomy":"post_tag","embeddable":true,"href":"https:\/\/www.finnboat.fi\/sv\/wp-json\/wp\/v2\/tags?post=533"}],"curies":[{"name":"wp","href":"https:\/\/api.w.org\/{rel}","templated":true}]}}